{"id":4370,"date":"2022-03-09T16:10:00","date_gmt":"2022-03-09T20:10:00","guid":{"rendered":"https:\/\/webdealta.info\/?p=4370"},"modified":"2022-03-09T16:10:09","modified_gmt":"2022-03-09T20:10:09","slug":"protesta-de-pensionados-y-jubilados-en-altagracia","status":"publish","type":"post","link":"https:\/\/webdealta.info\/?p=4370","title":{"rendered":"Protesta de pensionados y jubilados en Altagracia"},"content":{"rendered":"\n<p>Amanda Saldivia.-<\/p>\n\n\n\n<p>Con m\u00e1s presencia de dirigentes pol\u00edticos, que de jubilados y pensionados, se llev\u00f3 a cabo la protesta que persigue visibilizar la situaci\u00f3n que atraviesan quienes por a\u00f1os trabajaron para el Estado venezolano y cuyos ingresos no les permite ni siquiera comprar una medicina, menos cubrir la canasta alimentaria.<\/p>\n\n\n\n<p>La acci\u00f3n fue en la ma\u00f1ana de este mi\u00e9rcoles nueve de marzo, en la calle Ilustres Pr\u00f3ceres con Hurtado Ascanio de Altagracia de Orituco, Gu\u00e1rico, lugar conocido tambi\u00e9n como la Esquina Caliente, en alusi\u00f3n a las actividades que hac\u00eda el partido de gobierno y que con el pasar del tiempo ahora es un punto para que todos los ciudadanos se expresen por motivos festivos, educativos, religiosos o de protesta.<\/p>\n\n\n\n<p>El educador Wladimir Polachini, uno de los convocantes y quien adem\u00e1s forma parte del movimiento Ildemaro Azuaje que agrupa a jubilados y pensionados del pa\u00eds, reconoci\u00f3 que la asistencia no fue como se esperaba, pero considera que eso no deslegitima la lucha que por a\u00f1os han llevado adelante en reclamo de ingresos justos.<\/p>\n\n\n\n<p>\u201cNo hubo una gran asistencia del jubilado, esos que hace su cola en el banco, pero se hizo visible\u2026el mensaje de los jubilados que es manifestar nuestra disconformidad con el monto de la pensi\u00f3n y el aumento a medio Petro\u2026sabemos que ya hubo ese anuncio con anterioridad, en el 2018, pero la inflaci\u00f3n se lo comi\u00f3, no se ajustaron las tablas de los profesionales activos y a los jubilados les fue peor\u201d, dijo Polachini en declaraciones a la Web de Altagracia.<\/p>\n\n\n\n<p>As\u00ed mismo, indic\u00f3 que la acci\u00f3n de protesta est\u00e1 enmarcada en la convocatoria que hizo la Asociaci\u00f3n Jubilados de Venezuela presentada por Orlando Zambrano, y otros gremios, entre ellos salud y educaci\u00f3n, para dejar constancia de la inconformidad con el monto de la pensi\u00f3n y el anuncio de incremento que no satisface las expectativas de los gremios.<\/p>\n\n\n\n<p>@amandasaldivia<\/p>\n\n\n\n<p>Foto cortes\u00eda<\/p>\n\n\n\n<p><\/p>\n","protected":false},"excerpt":{"rendered":"<p>Amanda Saldivia.- Con m\u00e1s presencia de dirigentes pol\u00edticos, que de jubilados y pensionados, se llev\u00f3 a cabo la protesta que persigue visibilizar la situaci\u00f3n que atraviesan quienes por a\u00f1os trabajaron para el Estado venezolano y cuyos ingresos no les permite ni siquiera comprar una medicina, menos cubrir la canasta alimentaria.<\/p>\n","protected":false},"author":2,"featured_media":4371,"comment_status":"open","ping_status":"open","sticky":false,"template":"","format":"standard","meta":{"advanced_seo_description":"","jetpack_seo_html_title":"","jetpack_seo_noindex":false,"_jetpack_memberships_contains_paid_content":false,"footnotes":"","jetpack_publicize_message":"","jetpack_publicize_feature_enabled":true,"jetpack_social_post_already_shared":true,"jetpack_social_options":{"image_generator_settings":{"template":"highway","enabled":false},"version":2}},"categories":[14],"tags":[8,7,32],"class_list":["post-4370","post","type-post","status-publish","format-standard","has-post-thumbnail","hentry","category-protesta","tag-altagraciadeorituco","tag-guarico","tag-webdealta",""],"jetpack_publicize_connections":[],"jetpack_featured_media_url":"https:\/\/webdealta.info\/wp-content\/uploads\/2022\/03\/jubiladps-webdealta.png","jetpack_sharing_enabled":true,"jetpack_likes_enabled":true,"jetpack-related-posts":[],"jetpack_shortlink":"https:\/\/wp.me\/pcseDn-18u","_links":{"self":[{"href":"https:\/\/webdealta.info\/index.php?rest_route=\/wp\/v2\/posts\/4370","targetHints":{"allow":["GET"]}}],"collection":[{"href":"https:\/\/webdealta.info\/index.php?rest_route=\/wp\/v2\/posts"}],"about":[{"href":"https:\/\/webdealta.info\/index.php?rest_route=\/wp\/v2\/types\/post"}],"author":[{"embeddable":true,"href":"https:\/\/webdealta.info\/index.php?rest_route=\/wp\/v2\/users\/2"}],"replies":[{"embeddable":true,"href":"https:\/\/webdealta.info\/index.php?rest_route=%2Fwp%2Fv2%2Fcomments&post=4370"}],"version-history":[{"count":1,"href":"https:\/\/webdealta.info\/index.php?rest_route=\/wp\/v2\/posts\/4370\/revisions"}],"predecessor-version":[{"id":4372,"href":"https:\/\/webdealta.info\/index.php?rest_route=\/wp\/v2\/posts\/4370\/revisions\/4372"}],"wp:featuredmedia":[{"embeddable":true,"href":"https:\/\/webdealta.info\/index.php?rest_route=\/wp\/v2\/media\/4371"}],"wp:attachment":[{"href":"https:\/\/webdealta.info\/index.php?rest_route=%2Fwp%2Fv2%2Fmedia&parent=4370"}],"wp:term":[{"taxonomy":"category","embeddable":true,"href":"https:\/\/webdealta.info\/index.php?rest_route=%2Fwp%2Fv2%2Fcategories&post=4370"},{"taxonomy":"post_tag","embeddable":true,"href":"https:\/\/webdealta.info\/index.php?rest_route=%2Fwp%2Fv2%2Ftags&post=4370"}],"curies":[{"name":"wp","href":"https:\/\/api.w.org\/{rel}","templated":true}]}}