{"id":434,"date":"2020-10-26T13:46:16","date_gmt":"2020-10-26T17:46:16","guid":{"rendered":"https:\/\/webdealta.info\/?p=434"},"modified":"2020-10-26T16:15:11","modified_gmt":"2020-10-26T20:15:11","slug":"sabanagrande-26102020","status":"publish","type":"post","link":"https:\/\/webdealta.info\/?p=434","title":{"rendered":"Sabana Grande de Orituco: sin gas, sin agua y p\u00e9sima vialidad"},"content":{"rendered":"\n<p><a href=\"htpps:\/\/www.amandasaldivia.com\" data-type=\"URL\" data-id=\"htpps:\/\/www.amandasaldivia.com\">Amanda Saldivia<\/a><\/p>\n\n\n\n<p>M\u00e1s de una hora deben caminar los habitantes del Sabana Grande de Orituco para cortar la le\u00f1a que utilizan en los fogones, eso de acuerdo al testimonio expresado por Pablo D\u00edaz, quien precis\u00f3 que la tala ha avanzado como consecuencia de la escasez continuada de gas dom\u00e9stico y ahora deben recorrer distancia mayores, rumbo a El Cambur o El Cedral, para conseguir este tipo de combustible.<\/p>\n\n\n\n<p>Agreg\u00f3 que el pago a Digas Gu\u00e1rico se efectu\u00f3 hace m\u00e1s de tres meses, pero figuran en el cronograma de despacho con el n\u00famero 64, motivo por el cual no tienen muchas esperanzas de que al menos este a\u00f1o puedan contar con ese servicio, ni siquiera por la v\u00eda de lo que se conoce popularmente como \u201cbachaqueado\u201d, porque el cilindro est\u00e1 en 10 d\u00f3lares y los ingresos de las familias de esa parroquia no dan para pagar esa cantidad.<\/p>\n\n\n\n<p>Este educador de Sabana Grande de Orituco, dijo que las afecciones respiratorias han aumentado y que unido a esa realidad, est\u00e1 que el agua potable es por medio de las lagunas, pozos que la misma comunidad ha construido o jag\u00fceyes en las quebradas cercanas, porque el acueducto rural est\u00e1 da\u00f1ado desde hace m\u00e1s de 8 a\u00f1os.<\/p>\n\n\n\n<p>Record\u00f3 que el gobernador Jos\u00e9 V\u00e1squez, en la visita realizada el 21 de junio de 2018, prometi\u00f3 la perforaci\u00f3n de pozos y la rehabilitaci\u00f3n de la carretera, pero esos trabajos no se ejecutaron y los 43 kil\u00f3metros que separan a Altagracia de la poblaci\u00f3n de Sabana Grande lo hacen pr\u00e1cticamente en dos horas, debido al deterioro de esa v\u00eda de penetraci\u00f3n.<\/p>\n\n\n\n<p>Pablo D\u00edaz tambi\u00e9n report\u00f3 que las fallas el\u00e9ctricas son pr\u00e1cticamente diarias y que ese c\u00famulo de problemas afecta a los tres mil habitantes que tiene aproximadamente esa parroquia. <\/p>\n\n\n\n<p><a href=\"https:\/\/twitter\/@amandasaldivia\" data-type=\"URL\" data-id=\"https:\/\/twitter\/@amandasaldivia\">@amandasaldivia<\/a> <\/p>\n","protected":false},"excerpt":{"rendered":"<p>Amanda Saldivia M\u00e1s de una hora deben caminar los habitantes del Sabana Grande de Orituco para cortar la le\u00f1a que utilizan en los fogones, eso de acuerdo al testimonio expresado por Pablo D\u00edaz, quien precis\u00f3 que la tala ha avanzado como consecuencia de la escasez continuada de gas dom\u00e9stico y<\/p>\n","protected":false},"author":2,"featured_media":0,"comment_status":"open","ping_status":"open","sticky":false,"template":"","format":"standard","meta":{"advanced_seo_description":"","jetpack_seo_html_title":"","jetpack_seo_noindex":false,"_jetpack_memberships_contains_paid_content":false,"footnotes":"","jetpack_publicize_message":"","jetpack_publicize_feature_enabled":true,"jetpack_social_post_already_shared":true,"jetpack_social_options":{"image_generator_settings":{"template":"highway","enabled":false},"version":2}},"categories":[36],"tags":[31,35,32],"class_list":["post-434","post","type-post","status-publish","format-standard","hentry","category-parroquia-soublette","tag-serviciospublicos","tag-singas","tag-webdealta",""],"jetpack_publicize_connections":[],"jetpack_featured_media_url":"","jetpack_sharing_enabled":true,"jetpack_likes_enabled":true,"jetpack-related-posts":[],"jetpack_shortlink":"https:\/\/wp.me\/pcseDn-70","_links":{"self":[{"href":"https:\/\/webdealta.info\/index.php?rest_route=\/wp\/v2\/posts\/434","targetHints":{"allow":["GET"]}}],"collection":[{"href":"https:\/\/webdealta.info\/index.php?rest_route=\/wp\/v2\/posts"}],"about":[{"href":"https:\/\/webdealta.info\/index.php?rest_route=\/wp\/v2\/types\/post"}],"author":[{"embeddable":true,"href":"https:\/\/webdealta.info\/index.php?rest_route=\/wp\/v2\/users\/2"}],"replies":[{"embeddable":true,"href":"https:\/\/webdealta.info\/index.php?rest_route=%2Fwp%2Fv2%2Fcomments&post=434"}],"version-history":[{"count":1,"href":"https:\/\/webdealta.info\/index.php?rest_route=\/wp\/v2\/posts\/434\/revisions"}],"predecessor-version":[{"id":436,"href":"https:\/\/webdealta.info\/index.php?rest_route=\/wp\/v2\/posts\/434\/revisions\/436"}],"wp:attachment":[{"href":"https:\/\/webdealta.info\/index.php?rest_route=%2Fwp%2Fv2%2Fmedia&parent=434"}],"wp:term":[{"taxonomy":"category","embeddable":true,"href":"https:\/\/webdealta.info\/index.php?rest_route=%2Fwp%2Fv2%2Fcategories&post=434"},{"taxonomy":"post_tag","embeddable":true,"href":"https:\/\/webdealta.info\/index.php?rest_route=%2Fwp%2Fv2%2Ftags&post=434"}],"curies":[{"name":"wp","href":"https:\/\/api.w.org\/{rel}","templated":true}]}}