{"id":4332,"date":"2022-03-03T23:32:17","date_gmt":"2022-03-04T03:32:17","guid":{"rendered":"https:\/\/webdealta.info\/?p=4332"},"modified":"2022-03-03T23:32:19","modified_gmt":"2022-03-04T03:32:19","slug":"pastor-perez-gracitanos-a-una-voz-es-un-grito-a-dios","status":"publish","type":"post","link":"https:\/\/webdealta.info\/?p=4332","title":{"rendered":"Pastor P\u00e9rez: \u201cGracitanos a una Voz, es un grito a Dios\u201d"},"content":{"rendered":"\n<p>Amanda Saldivia.-<\/p>\n\n\n\n<p>\u201cGracitanos a una voz es un grito a Dios, un grito por nuestro pa\u00eds, por nuestros hijos, por nuestra familia, para que no se acabe la pasi\u00f3n, el \u00e1nimo, la esperanza, es un clamor, es una plegaria y yo s\u00e9 que Dios no se va a resistir a tu plegaria\u201d, dijo el pastor \u00c1ngel Rafael P\u00e9rez de la iglesia Emanuel al culminar la caminata que resalt\u00f3 la labor de ciudadanos de distintas \u00e1reas y que \u00e9l considera que sirven de inspiraci\u00f3n a la generaci\u00f3n de relevo.<\/p>\n\n\n\n<p>En primer lugar, dej\u00f3 claro que Gracitanos a una Voz no es un movimiento pol\u00edtico, es parte de la responsabilidad que tienen como iglesia \u201ces darle orientaci\u00f3n espiritual e inyectarles fe, es tener las instrucciones de Dios como norma de vida y para construir un pa\u00eds, sin fe es imposible hacerlo\u2026la fe es la que nos hace constantes, perseverantes, nos hace perdonar, convivir y nos hace disfrutar del ser humano por encima de sus defectos\u201d.<\/p>\n\n\n\n<p>La caminata se realiz\u00f3 en la ma\u00f1ana del pasado s\u00e1bado 26 de febrero, con la participaci\u00f3n de emprendedores, deportistas, artistas, educadores, periodistas y la juventud entusiasta de la iglesia Emanuel, quienes fueron los organizadores de la actividad que parti\u00f3 desde el sector Saladillo hasta la sede de esa congregaci\u00f3n religiosa, ubicada en la calle Vuelvan Caras de Altagracia de Orituco.<\/p>\n\n\n\n<p>De acuerdo a lo expresado por el pastor \u00c1ngel Rafael P\u00e9rez, Gracitanos a una Voz busca resaltar la labor de ciudadanos que sirven de modelo, \u201cde inspiraci\u00f3n para los que vienen atr\u00e1s, si en todo un pueblo solo un peque\u00f1o porcentaje es quien se atreve a levantar la cabeza y a creer que se puede levantar una familia, que se puede levantar a una empresa, que se puede levantar un arte en este municipio\u2026necesitamos aplaudir a todos estos emprendedores, deportistas, educadores, artistas, periodistas, todos los que tienen el valor de levantarse haciendo algo, creyendo que en Dios todo es posible\u201d.<\/p>\n\n\n\n<p>Puntualiz\u00f3, que cada uno de ellos \u201ctiene un legado, un testigo que entregar, ellos son quienes est\u00e1n inspirando a los que vienen atr\u00e1s, Gracitanos a una Voz es el modelaje, usted est\u00e1 modelando para las pr\u00f3ximas generaciones, es un grito de esperanza\u201d.<\/p>\n\n\n\n<p>El acto culmin\u00f3 con la participaci\u00f3n de Albani Reina, l\u00edder juvenil de la iglesia Emanuel, quien pidi\u00f3 a los presentes un minuto de bulla, de grito, de esa unidad que persigue Gracitanos a una Voz y que se mantendr\u00e1 en lo sucesivo con otras actividades en apoyo a los emprendedores.<\/p>\n\n\n\n<p>Entre las personas a quienes se les reconoci\u00f3 esa labor inspiradora estuvo la m\u00e9dico pediatra Lisbia Requena; Pablo Rojas, presidente de la C\u00e1mara de Comercio; Leonel Carranza, coordinador del N\u00facleo de la Orquesta Sinf\u00f3nica; Mirtha Seco, coordinadora de la escuela de beisbol menor Camatagua; Belkis Rond\u00f3n, profesora de Educaci\u00f3n F\u00edsica, Jos\u00e9 Benavente, entrenador deportivo y la redactora de esta nota por su rol como periodista.<\/p>\n\n\n\n<p>@amandasaldivia     <\/p>\n\n\n\n<p><\/p>\n","protected":false},"excerpt":{"rendered":"<p>Amanda Saldivia.- \u201cGracitanos a una voz es un grito a Dios, un grito por nuestro pa\u00eds, por nuestros hijos, por nuestra familia, para que no se acabe la pasi\u00f3n, el \u00e1nimo, la esperanza, es un clamor, es una plegaria y yo s\u00e9 que Dios no se va a resistir a<\/p>\n","protected":false},"author":2,"featured_media":4333,"comment_status":"open","ping_status":"open","sticky":false,"template":"","format":"standard","meta":{"advanced_seo_description":"","jetpack_seo_html_title":"","jetpack_seo_noindex":false,"_jetpack_memberships_contains_paid_content":false,"footnotes":"","jetpack_publicize_message":"","jetpack_publicize_feature_enabled":true,"jetpack_social_post_already_shared":true,"jetpack_social_options":{"image_generator_settings":{"template":"highway","enabled":false},"version":2}},"categories":[117],"tags":[8,32],"class_list":["post-4332","post","type-post","status-publish","format-standard","has-post-thumbnail","hentry","category-celebracion","tag-altagraciadeorituco","tag-webdealta",""],"jetpack_publicize_connections":[],"jetpack_featured_media_url":"https:\/\/webdealta.info\/wp-content\/uploads\/2022\/03\/webdealta-caminata.png","jetpack_sharing_enabled":true,"jetpack_likes_enabled":true,"jetpack-related-posts":[],"jetpack_shortlink":"https:\/\/wp.me\/pcseDn-17S","_links":{"self":[{"href":"https:\/\/webdealta.info\/index.php?rest_route=\/wp\/v2\/posts\/4332","targetHints":{"allow":["GET"]}}],"collection":[{"href":"https:\/\/webdealta.info\/index.php?rest_route=\/wp\/v2\/posts"}],"about":[{"href":"https:\/\/webdealta.info\/index.php?rest_route=\/wp\/v2\/types\/post"}],"author":[{"embeddable":true,"href":"https:\/\/webdealta.info\/index.php?rest_route=\/wp\/v2\/users\/2"}],"replies":[{"embeddable":true,"href":"https:\/\/webdealta.info\/index.php?rest_route=%2Fwp%2Fv2%2Fcomments&post=4332"}],"version-history":[{"count":1,"href":"https:\/\/webdealta.info\/index.php?rest_route=\/wp\/v2\/posts\/4332\/revisions"}],"predecessor-version":[{"id":4334,"href":"https:\/\/webdealta.info\/index.php?rest_route=\/wp\/v2\/posts\/4332\/revisions\/4334"}],"wp:featuredmedia":[{"embeddable":true,"href":"https:\/\/webdealta.info\/index.php?rest_route=\/wp\/v2\/media\/4333"}],"wp:attachment":[{"href":"https:\/\/webdealta.info\/index.php?rest_route=%2Fwp%2Fv2%2Fmedia&parent=4332"}],"wp:term":[{"taxonomy":"category","embeddable":true,"href":"https:\/\/webdealta.info\/index.php?rest_route=%2Fwp%2Fv2%2Fcategories&post=4332"},{"taxonomy":"post_tag","embeddable":true,"href":"https:\/\/webdealta.info\/index.php?rest_route=%2Fwp%2Fv2%2Ftags&post=4332"}],"curies":[{"name":"wp","href":"https:\/\/api.w.org\/{rel}","templated":true}]}}