{"id":4309,"date":"2022-03-01T22:21:12","date_gmt":"2022-03-02T02:21:12","guid":{"rendered":"https:\/\/webdealta.info\/?p=4309"},"modified":"2022-03-01T22:21:20","modified_gmt":"2022-03-02T02:21:20","slug":"altagracia-un-pueblo-con-328-anos-de-historia","status":"publish","type":"post","link":"https:\/\/webdealta.info\/?p=4309","title":{"rendered":"Altagracia: un pueblo con 328 a\u00f1os de historia"},"content":{"rendered":"\n<p>Amanda Saldivia.-<\/p>\n\n\n\n<p>Hoy, primero de marzo, se cumplen 328 a\u00f1os de ese acto p\u00fablico en el cual se oficializ\u00f3 la entrega de un lote de tierras con sus linderos espec\u00edficos, a los indios Guaiquer\u00edes comandados por el cacique Don Felipe Chapaiguana, lo que hoy es Altagracia de Orituco.<\/p>\n\n\n\n<p>Cada a\u00f1o que se suma, significa un compromiso que implica la revisi\u00f3n hist\u00f3rica de lo que ocurri\u00f3 en San Miguel del Rosario ese primero de marzo de 1694, cuando en un acto p\u00fablico se llev\u00f3 a cabo el reasentamiento ind\u00edgena en presencia de \u201cel cacique Don Felipe y otros indios, encabezado por el capit\u00e1n Nicol\u00e1s Garmendia, Alf\u00e9rez Real y Alcalde Ordinario de la ciudad de San Sebasti\u00e1n de los Reyes, quien actuaba a nombre del Rey espa\u00f1ol y por mandato del Maestre de Campo Don Francisco de Berroter\u00e1n, Caballero de la Orden de Santiago, gobernador y capit\u00e1n general de la provincial de Venezuela\u201d, seg\u00fan consta en la investigaci\u00f3n documental del Cronista de la Ciudad, el Dr. Carlos L\u00f3pez Garc\u00e9s.<\/p>\n\n\n\n<p>Entre los argumentos que sustentan el nacimiento de esta poblaci\u00f3n, el cronista ha explicado que Altagracia es consecuencia de la fundaci\u00f3n de San Sebasti\u00e1n de los Reyes, primera comunidad espa\u00f1ola que se funda en territorio de lo que es hoy el municipio Monagas, para lo cual precis\u00f3 que \u201cSan Sebasti\u00e1n fue un n\u00facleo de poder desde donde se expandi\u00f3 la conquista espa\u00f1ola de estos territorios del llano venezolano, de San Sebasti\u00e1n surgi\u00f3 el sentido de ocupaci\u00f3n de las tierras del Orituco y eso condujo a la formaci\u00f3n de un pueblo que se llam\u00f3 San Miguel de Orituco\u2026ubicado a las orillas del r\u00edo Orituco, en las faldas del cerro Topano, que luego desaparece por el decaimiento de un sistema econ\u00f3mico social, que se conoc\u00eda como el r\u00e9gimen de encomiendas, eso ocurri\u00f3 hacia 1687\u201d.<\/p>\n\n\n\n<p>Tambi\u00e9n destaca que el otorgamiento de este lote de terreno a los ind\u00edgenas Guaiquer\u00edes, es precisamente producto de la ca\u00edda del r\u00e9gimen de encomiendas, porque \u00e9stos \u201claboraban en la hacienda de Jos\u00e9 Salvador de Medina y quedaron pr\u00e1cticamente a la deriva, porque el due\u00f1o de esa hacienda y al mismo tiempo encomendero ya no pod\u00eda continuar con el aprovechamiento de la fuerza de trabajo de esos ind\u00edgenas y se convirtieron en un problema grave, porque estaban acostumbrados a vivir en ese territorio y siguieron haci\u00e9ndolo, a pesar de las contradicciones con Jos\u00e9 Salvador de Medina\u201d.<\/p>\n\n\n\n<p>Esa situaci\u00f3n provoc\u00f3 que Jos\u00e9 Salvador de Medina solicitara al gobernador de Venezuela Francisco de Berroter\u00e1n, que reubicara a los ind\u00edgenas en unas tierras que eran propiedad del Rey y \u201cel primero de marzo de 1694 se present\u00f3 aqu\u00ed en el valle de San Miguel la representaci\u00f3n del cabildo de San Sebasti\u00e1n y ese mismo d\u00eda los ind\u00edgenas procedieron a limpiar los linderos y desde entonces este pueblo es posesionario de esas tierras\u201d, as\u00ed lo expres\u00f3 el Cronista de la Ciudad Dr. Carlos L\u00f3pez Garc\u00e9s, en acto celebrado en la plaza Bol\u00edvar de Altagracia el primero de marzo de 2005, en el marco del discurso pronunciado cuando fue develada la placa en la cual se aportan datos del comienzo de la historia de esta poblaci\u00f3n.<\/p>\n","protected":false},"excerpt":{"rendered":"<p>Amanda Saldivia.- Hoy, primero de marzo, se cumplen 328 a\u00f1os de ese acto p\u00fablico en el cual se oficializ\u00f3 la entrega de un lote de tierras con sus linderos espec\u00edficos, a los indios Guaiquer\u00edes comandados por el cacique Don Felipe Chapaiguana, lo que hoy es Altagracia de Orituco. Cada a\u00f1o<\/p>\n","protected":false},"author":2,"featured_media":4310,"comment_status":"open","ping_status":"open","sticky":false,"template":"","format":"standard","meta":{"advanced_seo_description":"","jetpack_seo_html_title":"","jetpack_seo_noindex":false,"_jetpack_memberships_contains_paid_content":false,"footnotes":"","jetpack_publicize_message":"","jetpack_publicize_feature_enabled":true,"jetpack_social_post_already_shared":true,"jetpack_social_options":{"image_generator_settings":{"template":"highway","enabled":false},"version":2}},"categories":[117],"tags":[8,7,32],"class_list":["post-4309","post","type-post","status-publish","format-standard","has-post-thumbnail","hentry","category-celebracion","tag-altagraciadeorituco","tag-guarico","tag-webdealta",""],"jetpack_publicize_connections":[],"jetpack_featured_media_url":"https:\/\/webdealta.info\/wp-content\/uploads\/2022\/03\/altagracia-webdealta.png","jetpack_sharing_enabled":true,"jetpack_likes_enabled":true,"jetpack-related-posts":[],"jetpack_shortlink":"https:\/\/wp.me\/pcseDn-17v","_links":{"self":[{"href":"https:\/\/webdealta.info\/index.php?rest_route=\/wp\/v2\/posts\/4309","targetHints":{"allow":["GET"]}}],"collection":[{"href":"https:\/\/webdealta.info\/index.php?rest_route=\/wp\/v2\/posts"}],"about":[{"href":"https:\/\/webdealta.info\/index.php?rest_route=\/wp\/v2\/types\/post"}],"author":[{"embeddable":true,"href":"https:\/\/webdealta.info\/index.php?rest_route=\/wp\/v2\/users\/2"}],"replies":[{"embeddable":true,"href":"https:\/\/webdealta.info\/index.php?rest_route=%2Fwp%2Fv2%2Fcomments&post=4309"}],"version-history":[{"count":1,"href":"https:\/\/webdealta.info\/index.php?rest_route=\/wp\/v2\/posts\/4309\/revisions"}],"predecessor-version":[{"id":4311,"href":"https:\/\/webdealta.info\/index.php?rest_route=\/wp\/v2\/posts\/4309\/revisions\/4311"}],"wp:featuredmedia":[{"embeddable":true,"href":"https:\/\/webdealta.info\/index.php?rest_route=\/wp\/v2\/media\/4310"}],"wp:attachment":[{"href":"https:\/\/webdealta.info\/index.php?rest_route=%2Fwp%2Fv2%2Fmedia&parent=4309"}],"wp:term":[{"taxonomy":"category","embeddable":true,"href":"https:\/\/webdealta.info\/index.php?rest_route=%2Fwp%2Fv2%2Fcategories&post=4309"},{"taxonomy":"post_tag","embeddable":true,"href":"https:\/\/webdealta.info\/index.php?rest_route=%2Fwp%2Fv2%2Ftags&post=4309"}],"curies":[{"name":"wp","href":"https:\/\/api.w.org\/{rel}","templated":true}]}}