{"id":4304,"date":"2022-02-26T07:13:21","date_gmt":"2022-02-26T11:13:21","guid":{"rendered":"https:\/\/webdealta.info\/?p=4304"},"modified":"2022-02-26T07:13:24","modified_gmt":"2022-02-26T11:13:24","slug":"altagracia-carnaval-educativo-alegro-la-jornada","status":"publish","type":"post","link":"https:\/\/webdealta.info\/?p=4304","title":{"rendered":"Altagracia: carnaval educativo alegr\u00f3 la jornada"},"content":{"rendered":"\n<p>Amanda Saldivia.-<\/p>\n\n\n\n<p>El magisterio del municipio Monagas, Gu\u00e1rico, hizo los mayores esfuerzos de creatividad para desfilar por el casco central de Altagracia de Orituco este viernes 25 de febrero, en el tradicional Carnaval Educativo, en el cual participaron estudiantes de instituciones p\u00fablicas y privadas, adem\u00e1s del personal docente, administrativo y ambientalistas.<\/p>\n\n\n\n<p>Los temas de las carrozas fueron alusivos a la prevenci\u00f3n de salud, ambiente y personajes hist\u00f3ricos, como una forma de mostrar un mensaje durante el recorrido, el cual como en a\u00f1os anteriores fue esperado por la poblaci\u00f3n por ser una actividad para el disfrute principalmente de los ni\u00f1os.<\/p>\n\n\n\n<p>El desfile fue encabezado por la Dra. Susana Sayegh, supervisora de la Red Educativa Comunal, quien agradeci\u00f3 el empe\u00f1o del sector magisterial por mantener esta tradici\u00f3n, a pesar de las dificultades econ\u00f3micas.<\/p>\n\n\n\n<p>Por m\u00e1s de 10 a\u00f1os, el desfile educativo es el pre\u00e1mbulo de los Carnavales Tur\u00edsticos del Orituco, los cuales inician este s\u00e1bado 26 de febrero con el primer desfile de carrozas.<\/p>\n\n\n\n<p>@amandasaldivia     <\/p>\n\n\n\n<p><\/p>\n\n\n\n<p><\/p>\n","protected":false},"excerpt":{"rendered":"<p>Amanda Saldivia.- El magisterio del municipio Monagas, Gu\u00e1rico, hizo los mayores esfuerzos de creatividad para desfilar por el casco central de Altagracia de Orituco este viernes 25 de febrero, en el tradicional Carnaval Educativo, en el cual participaron estudiantes de instituciones p\u00fablicas y privadas, adem\u00e1s del personal docente, administrativo y<\/p>\n","protected":false},"author":2,"featured_media":4306,"comment_status":"open","ping_status":"open","sticky":false,"template":"","format":"standard","meta":{"advanced_seo_description":"","jetpack_seo_html_title":"","jetpack_seo_noindex":false,"_jetpack_memberships_contains_paid_content":false,"footnotes":"","jetpack_publicize_message":"","jetpack_publicize_feature_enabled":true,"jetpack_social_post_already_shared":true,"jetpack_social_options":{"image_generator_settings":{"template":"highway","enabled":false},"version":2}},"categories":[303],"tags":[8,7,32],"class_list":["post-4304","post","type-post","status-publish","format-standard","has-post-thumbnail","hentry","category-carnaval-2022","tag-altagraciadeorituco","tag-guarico","tag-webdealta",""],"jetpack_publicize_connections":[],"jetpack_featured_media_url":"https:\/\/webdealta.info\/wp-content\/uploads\/2022\/02\/webdealta-carnaval-educativo.jpg","jetpack_sharing_enabled":true,"jetpack_likes_enabled":true,"jetpack-related-posts":[],"jetpack_shortlink":"https:\/\/wp.me\/pcseDn-17q","_links":{"self":[{"href":"https:\/\/webdealta.info\/index.php?rest_route=\/wp\/v2\/posts\/4304","targetHints":{"allow":["GET"]}}],"collection":[{"href":"https:\/\/webdealta.info\/index.php?rest_route=\/wp\/v2\/posts"}],"about":[{"href":"https:\/\/webdealta.info\/index.php?rest_route=\/wp\/v2\/types\/post"}],"author":[{"embeddable":true,"href":"https:\/\/webdealta.info\/index.php?rest_route=\/wp\/v2\/users\/2"}],"replies":[{"embeddable":true,"href":"https:\/\/webdealta.info\/index.php?rest_route=%2Fwp%2Fv2%2Fcomments&post=4304"}],"version-history":[{"count":1,"href":"https:\/\/webdealta.info\/index.php?rest_route=\/wp\/v2\/posts\/4304\/revisions"}],"predecessor-version":[{"id":4307,"href":"https:\/\/webdealta.info\/index.php?rest_route=\/wp\/v2\/posts\/4304\/revisions\/4307"}],"wp:featuredmedia":[{"embeddable":true,"href":"https:\/\/webdealta.info\/index.php?rest_route=\/wp\/v2\/media\/4306"}],"wp:attachment":[{"href":"https:\/\/webdealta.info\/index.php?rest_route=%2Fwp%2Fv2%2Fmedia&parent=4304"}],"wp:term":[{"taxonomy":"category","embeddable":true,"href":"https:\/\/webdealta.info\/index.php?rest_route=%2Fwp%2Fv2%2Fcategories&post=4304"},{"taxonomy":"post_tag","embeddable":true,"href":"https:\/\/webdealta.info\/index.php?rest_route=%2Fwp%2Fv2%2Ftags&post=4304"}],"curies":[{"name":"wp","href":"https:\/\/api.w.org\/{rel}","templated":true}]}}