{"id":4301,"date":"2022-02-24T23:48:08","date_gmt":"2022-02-25T03:48:08","guid":{"rendered":"https:\/\/webdealta.info\/?p=4301"},"modified":"2022-02-24T23:48:12","modified_gmt":"2022-02-25T03:48:12","slug":"digas-guarico-presentara-balance-semanal-de-despacho","status":"publish","type":"post","link":"https:\/\/webdealta.info\/?p=4301","title":{"rendered":"Digas Gu\u00e1rico presentar\u00e1 balance semanal de despacho"},"content":{"rendered":"\n<p>Amanda Saldivia.-<\/p>\n\n\n\n<p>Todas las semanas ser\u00e1 difundido el balance de despacho que haga Digas Gu\u00e1rico a las comunidades, a trav\u00e9s de los Comit\u00e9s de Abastecimiento y Producci\u00f3n Clap del municipio Monagas, con miras a brindar informaci\u00f3n veraz y oportuna que permita la transparencia del proceso.<\/p>\n\n\n\n<p>La informaci\u00f3n fue dada a conocer, en la noche de este jueves 24 de febrero, por el general Jos\u00e9 Dionicio Goncalvez, presidente de Digas Gu\u00e1rico, en el programa Tiempo de Cambios que se transmite por la emisora Activa 104.9 FM de Altagracia de Orituco, donde fue invitado para conversar acerca de aspectos relacionados con el funcionamiento de la planta de llenado, la atenci\u00f3n a los Clap, a las empresas privadas de distribuci\u00f3n de gas y a la comunidad en general.<\/p>\n\n\n\n<p>Durante la entrevista diferenci\u00f3 los precios que hay en el centro de llenado y el despacho subsidiado que se presta a los CLAP, al tiempo que precis\u00f3 que si se registra un incremento por razones de flete que haga esa organizaci\u00f3n comunitaria, no tiene vinculaci\u00f3n directa con la empresa Digas Gu\u00e1rico.<\/p>\n\n\n\n<p>Sobre este aspecto se\u00f1al\u00f3, que en la actualidad la empresa no dispone de la flota de unidades para la atenci\u00f3n directa a las comunidades y por ese motivo deb\u00edan los l\u00edderes del CLAP gestionar el veh\u00edculo para ese fin.<\/p>\n\n\n\n<p>Los precios son los siguientes:<\/p>\n\n\n\n<p>CLAP monto a pagar a Digas Gu\u00e1rico por capacidad de cilindros, expresado en bol\u00edvares.<\/p>\n\n\n\n<ul class=\"wp-block-list\"><li>10 Kg: 5,00<\/li><li>18 Kg: 10,00<\/li><li>27 Kg: 16,00<\/li><li>43 Kg: 30,00<\/li><\/ul>\n\n\n\n<p>Centro de llenado:<\/p>\n\n\n\n<ul class=\"wp-block-list\"><li>10 Kg: 10,00<\/li><li>18 Kg: 20,00<\/li><li>27 Kg: 25,00<\/li><li>43 Kg: 40,00<\/li><\/ul>\n\n\n\n<p>@amandasaldivia<\/p>\n\n\n\n<p><\/p>\n","protected":false},"excerpt":{"rendered":"<p>Amanda Saldivia.- Todas las semanas ser\u00e1 difundido el balance de despacho que haga Digas Gu\u00e1rico a las comunidades, a trav\u00e9s de los Comit\u00e9s de Abastecimiento y Producci\u00f3n Clap del municipio Monagas, con miras a brindar informaci\u00f3n veraz y oportuna que permita la transparencia del proceso. La informaci\u00f3n fue dada a<\/p>\n","protected":false},"author":2,"featured_media":4302,"comment_status":"open","ping_status":"open","sticky":false,"template":"","format":"standard","meta":{"advanced_seo_description":"","jetpack_seo_html_title":"","jetpack_seo_noindex":false,"_jetpack_memberships_contains_paid_content":false,"footnotes":"","jetpack_publicize_message":"","jetpack_publicize_feature_enabled":true,"jetpack_social_post_already_shared":true,"jetpack_social_options":{"image_generator_settings":{"template":"highway","enabled":false},"version":2}},"categories":[22],"tags":[8,7,32],"class_list":["post-4301","post","type-post","status-publish","format-standard","has-post-thumbnail","hentry","category-gas-domestico","tag-altagraciadeorituco","tag-guarico","tag-webdealta",""],"jetpack_publicize_connections":[],"jetpack_featured_media_url":"https:\/\/webdealta.info\/wp-content\/uploads\/2022\/02\/general-Goncalvez-webdealta.png","jetpack_sharing_enabled":true,"jetpack_likes_enabled":true,"jetpack-related-posts":[],"jetpack_shortlink":"https:\/\/wp.me\/pcseDn-17n","_links":{"self":[{"href":"https:\/\/webdealta.info\/index.php?rest_route=\/wp\/v2\/posts\/4301","targetHints":{"allow":["GET"]}}],"collection":[{"href":"https:\/\/webdealta.info\/index.php?rest_route=\/wp\/v2\/posts"}],"about":[{"href":"https:\/\/webdealta.info\/index.php?rest_route=\/wp\/v2\/types\/post"}],"author":[{"embeddable":true,"href":"https:\/\/webdealta.info\/index.php?rest_route=\/wp\/v2\/users\/2"}],"replies":[{"embeddable":true,"href":"https:\/\/webdealta.info\/index.php?rest_route=%2Fwp%2Fv2%2Fcomments&post=4301"}],"version-history":[{"count":1,"href":"https:\/\/webdealta.info\/index.php?rest_route=\/wp\/v2\/posts\/4301\/revisions"}],"predecessor-version":[{"id":4303,"href":"https:\/\/webdealta.info\/index.php?rest_route=\/wp\/v2\/posts\/4301\/revisions\/4303"}],"wp:featuredmedia":[{"embeddable":true,"href":"https:\/\/webdealta.info\/index.php?rest_route=\/wp\/v2\/media\/4302"}],"wp:attachment":[{"href":"https:\/\/webdealta.info\/index.php?rest_route=%2Fwp%2Fv2%2Fmedia&parent=4301"}],"wp:term":[{"taxonomy":"category","embeddable":true,"href":"https:\/\/webdealta.info\/index.php?rest_route=%2Fwp%2Fv2%2Fcategories&post=4301"},{"taxonomy":"post_tag","embeddable":true,"href":"https:\/\/webdealta.info\/index.php?rest_route=%2Fwp%2Fv2%2Ftags&post=4301"}],"curies":[{"name":"wp","href":"https:\/\/api.w.org\/{rel}","templated":true}]}}