{"id":4295,"date":"2022-02-23T22:31:18","date_gmt":"2022-02-24T02:31:18","guid":{"rendered":"https:\/\/webdealta.info\/?p=4295"},"modified":"2022-02-23T23:00:29","modified_gmt":"2022-02-24T03:00:29","slug":"carnaval-2022-junta-dio-conocer-la-programacion","status":"publish","type":"post","link":"https:\/\/webdealta.info\/?p=4295","title":{"rendered":"Carnaval 2022: Junta dio conocer la programaci\u00f3n"},"content":{"rendered":"\n<p>Amanda Saldivia.-<\/p>\n\n\n\n<p>Todo est\u00e1 dispuesto para la celebraci\u00f3n de los Carnavales Tur\u00edsticos del Orituco en su edici\u00f3n n\u00famero 41, bajo la premisa de retomar algunas actividades que caracterizaban esta festividad en Altagracia, entre ellas incluir competencias deportivas, adem\u00e1s del tradicional desfile de carrozas, la elecci\u00f3n de la reina y los eventos musicales.<\/p>\n\n\n\n<p>Alicia De Pinho, quien figura en la coordinaci\u00f3n general de los carnavales por designaci\u00f3n del alcalde Pedro Sol\u00f3rzano, se\u00f1al\u00f3 que este a\u00f1o incluyeron una programaci\u00f3n especial el martes primero de marzo, dirigida a resaltar los 328 a\u00f1os de historia de Altagracia de Orituco, motivo por el cual habr\u00e1 una sesi\u00f3n especial de la C\u00e1mara Municipal.<\/p>\n\n\n\n<p>La programaci\u00f3n compartida con la Web de Altagracia especifica lo siguiente:<\/p>\n\n\n\n<p>Viernes 25:<\/p>\n\n\n\n<ul class=\"wp-block-list\"><li>Desfile Educativo. Concentraci\u00f3n calle Ilustres Pr\u00f3ceres a las 7:00 am.<\/li><\/ul>\n\n\n\n<p>S\u00e1bado 26:<\/p>\n\n\n\n<ul class=\"wp-block-list\"><li>3:00 pm primer desfile de carrozas. Concentraci\u00f3n sector Saladillo a las 3:00 pm<\/li><li>10:00 pm Evolution Pro, Terrazas de Alberto Almeida.<\/li><\/ul>\n\n\n\n<p>Domingo 27:<\/p>\n\n\n\n<ul class=\"wp-block-list\"><li>7:00 am Marat\u00f3n de 3.000 mts y marat\u00f3n 5.000 mts.<\/li><li>8:30 am reto caminata bioseguridad, principales calles de la localidad.<\/li><li>11:00 am Caimanera de softbol. Estadio \u00c1ngel Santiago Gonz\u00e1lez.<\/li><li>3:00 pm segundo desfile de carrozas. Concentraci\u00f3n sector Saladillo.<\/li><li>10:00 pm Amanecer Llanero. Homenaje a Pablo Arocha. Lugar Av. Perimetral frente al bodeg\u00f3n de Jacher.<\/li><\/ul>\n\n\n\n<p>Lunes 28:<\/p>\n\n\n\n<ul class=\"wp-block-list\"><li>9:00 pm Elecci\u00f3n de la Reina de los XLI Carnavales Tur\u00edsticos del Orituco. Lugar: Terrazas de Alberto Almeida.<\/li><\/ul>\n\n\n\n<p>Martes 01\/03:<\/p>\n\n\n\n<ul class=\"wp-block-list\"><li>8:00 am Misa por el D\u00eda de Altagracia, Iglesia Nuestra Se\u00f1ora de Altagracia.<\/li><li>10:00 am Sesi\u00f3n Solemne.<\/li><li>11:30 am actividades culturales y recreativas.<\/li><li>3:00 pm tercer desfile de Carrozas encabezado por la nueva soberana.<\/li><li>9:00 pm noche bailable.<\/li><\/ul>\n\n\n\n<p>El recorrido de las carrozas ser\u00e1 en las calles Ilustres Pr\u00f3ceres, Hurtado Ascanio y Vuelvan Caras.<\/p>\n\n\n\n<p>@amandasaldivia    <\/p>\n\n\n\n<p><\/p>\n","protected":false},"excerpt":{"rendered":"<p>Amanda Saldivia.- Todo est\u00e1 dispuesto para la celebraci\u00f3n de los Carnavales Tur\u00edsticos del Orituco en su edici\u00f3n n\u00famero 41, bajo la premisa de retomar algunas actividades que caracterizaban esta festividad en Altagracia, entre ellas incluir competencias deportivas, adem\u00e1s del tradicional desfile de carrozas, la elecci\u00f3n de la reina y los<\/p>\n","protected":false},"author":2,"featured_media":4296,"comment_status":"open","ping_status":"open","sticky":false,"template":"","format":"standard","meta":{"advanced_seo_description":"","jetpack_seo_html_title":"","jetpack_seo_noindex":false,"_jetpack_memberships_contains_paid_content":false,"footnotes":"","jetpack_publicize_message":"","jetpack_publicize_feature_enabled":true,"jetpack_social_post_already_shared":true,"jetpack_social_options":{"image_generator_settings":{"template":"highway","enabled":false},"version":2}},"categories":[303],"tags":[8,7,32],"class_list":["post-4295","post","type-post","status-publish","format-standard","has-post-thumbnail","hentry","category-carnaval-2022","tag-altagraciadeorituco","tag-guarico","tag-webdealta",""],"jetpack_publicize_connections":[],"jetpack_featured_media_url":"https:\/\/webdealta.info\/wp-content\/uploads\/2022\/02\/Dakota-Cabrera-8.png","jetpack_sharing_enabled":true,"jetpack_likes_enabled":true,"jetpack-related-posts":[],"jetpack_shortlink":"https:\/\/wp.me\/pcseDn-17h","_links":{"self":[{"href":"https:\/\/webdealta.info\/index.php?rest_route=\/wp\/v2\/posts\/4295","targetHints":{"allow":["GET"]}}],"collection":[{"href":"https:\/\/webdealta.info\/index.php?rest_route=\/wp\/v2\/posts"}],"about":[{"href":"https:\/\/webdealta.info\/index.php?rest_route=\/wp\/v2\/types\/post"}],"author":[{"embeddable":true,"href":"https:\/\/webdealta.info\/index.php?rest_route=\/wp\/v2\/users\/2"}],"replies":[{"embeddable":true,"href":"https:\/\/webdealta.info\/index.php?rest_route=%2Fwp%2Fv2%2Fcomments&post=4295"}],"version-history":[{"count":2,"href":"https:\/\/webdealta.info\/index.php?rest_route=\/wp\/v2\/posts\/4295\/revisions"}],"predecessor-version":[{"id":4299,"href":"https:\/\/webdealta.info\/index.php?rest_route=\/wp\/v2\/posts\/4295\/revisions\/4299"}],"wp:featuredmedia":[{"embeddable":true,"href":"https:\/\/webdealta.info\/index.php?rest_route=\/wp\/v2\/media\/4296"}],"wp:attachment":[{"href":"https:\/\/webdealta.info\/index.php?rest_route=%2Fwp%2Fv2%2Fmedia&parent=4295"}],"wp:term":[{"taxonomy":"category","embeddable":true,"href":"https:\/\/webdealta.info\/index.php?rest_route=%2Fwp%2Fv2%2Fcategories&post=4295"},{"taxonomy":"post_tag","embeddable":true,"href":"https:\/\/webdealta.info\/index.php?rest_route=%2Fwp%2Fv2%2Ftags&post=4295"}],"curies":[{"name":"wp","href":"https:\/\/api.w.org\/{rel}","templated":true}]}}