{"id":4292,"date":"2022-02-23T21:37:53","date_gmt":"2022-02-24T01:37:53","guid":{"rendered":"https:\/\/webdealta.info\/?p=4292"},"modified":"2022-02-23T21:37:57","modified_gmt":"2022-02-24T01:37:57","slug":"altagracia-comenzo-operativo-carnaval-2022","status":"publish","type":"post","link":"https:\/\/webdealta.info\/?p=4292","title":{"rendered":"Altagracia: comenz\u00f3 operativo Carnaval 2022"},"content":{"rendered":"\n<p>Amanda Saldivia.-<\/p>\n\n\n\n<p>Bajo la coordinaci\u00f3n del coronel Walner Vivas, comandante del \u00c1rea de Defensa Integral Tamanaco, comenz\u00f3 este mi\u00e9rcoles 23 de febrero el operativo Carnavales Seguros 2022, con la integraci\u00f3n de todos los cuerpos de seguridad del municipio Monagas, Gu\u00e1rico.<\/p>\n\n\n\n<p>Al ofrecer declaraciones a la Web de Altagracia, el coronel Vivas mencion\u00f3 que har\u00e1n \u00e9nfasis en la seguridad que ameritan las actividades programadas por la alcald\u00eda en torno a los Carnavales del Orituco, las cuales incluyen desfiles de carrozas, elecci\u00f3n de la reina y eventos musicales.<\/p>\n\n\n\n<p>\u201cEstamos nosotros cumpliendo con esa misi\u00f3n, a partir del d\u00eda de hoy y prestando la seguridad requerida a nuestros habitantes, a nuestra poblaci\u00f3n, para el disfrute y que sea de la mejor forma posible, con la m\u00e1xima seguridad que se pueda\u201d, expres\u00f3 el coronel Vivas.<\/p>\n\n\n\n<p>Hizo menci\u00f3n especial a la directriz de parte de los comandantes de la Redi Los Llanos y Zodi-Gu\u00e1rico, as\u00ed como tambi\u00e9n a los componentes civiles y militares que se incorporan desde este 23 de febrero hasta el mi\u00e9rcoles dos de marzo, a las 6:00 pm, hora en la cual est\u00e1 prevista la culminaci\u00f3n del operativo.<\/p>\n\n\n\n<p>En la tarde de este mi\u00e9rcoles, se desplegaron funcionarios de Guardia Nacional Bolivariana, Polic\u00eda de Gu\u00e1rico, Polic\u00eda Nacional Bolivariana, Protecci\u00f3n Civil, Bomberos, CONAS, CICPC, SEBIN y Milicia Bolivariana.<\/p>\n\n\n\n<p>@amandasaldivia      <\/p>\n\n\n\n<p><\/p>\n","protected":false},"excerpt":{"rendered":"<p>Amanda Saldivia.- Bajo la coordinaci\u00f3n del coronel Walner Vivas, comandante del \u00c1rea de Defensa Integral Tamanaco, comenz\u00f3 este mi\u00e9rcoles 23 de febrero el operativo Carnavales Seguros 2022, con la integraci\u00f3n de todos los cuerpos de seguridad del municipio Monagas, Gu\u00e1rico. Al ofrecer declaraciones a la Web de Altagracia, el coronel<\/p>\n","protected":false},"author":2,"featured_media":4293,"comment_status":"open","ping_status":"open","sticky":false,"template":"","format":"standard","meta":{"advanced_seo_description":"","jetpack_seo_html_title":"","jetpack_seo_noindex":false,"_jetpack_memberships_contains_paid_content":false,"footnotes":"","jetpack_publicize_message":"","jetpack_publicize_feature_enabled":true,"jetpack_social_post_already_shared":true,"jetpack_social_options":{"image_generator_settings":{"template":"highway","enabled":false},"version":2}},"categories":[303],"tags":[8,7,32],"class_list":["post-4292","post","type-post","status-publish","format-standard","has-post-thumbnail","hentry","category-carnaval-2022","tag-altagraciadeorituco","tag-guarico","tag-webdealta",""],"jetpack_publicize_connections":[],"jetpack_featured_media_url":"https:\/\/webdealta.info\/wp-content\/uploads\/2022\/02\/foto-operativo-webdealta.jpg","jetpack_sharing_enabled":true,"jetpack_likes_enabled":true,"jetpack-related-posts":[],"jetpack_shortlink":"https:\/\/wp.me\/pcseDn-17e","_links":{"self":[{"href":"https:\/\/webdealta.info\/index.php?rest_route=\/wp\/v2\/posts\/4292","targetHints":{"allow":["GET"]}}],"collection":[{"href":"https:\/\/webdealta.info\/index.php?rest_route=\/wp\/v2\/posts"}],"about":[{"href":"https:\/\/webdealta.info\/index.php?rest_route=\/wp\/v2\/types\/post"}],"author":[{"embeddable":true,"href":"https:\/\/webdealta.info\/index.php?rest_route=\/wp\/v2\/users\/2"}],"replies":[{"embeddable":true,"href":"https:\/\/webdealta.info\/index.php?rest_route=%2Fwp%2Fv2%2Fcomments&post=4292"}],"version-history":[{"count":1,"href":"https:\/\/webdealta.info\/index.php?rest_route=\/wp\/v2\/posts\/4292\/revisions"}],"predecessor-version":[{"id":4294,"href":"https:\/\/webdealta.info\/index.php?rest_route=\/wp\/v2\/posts\/4292\/revisions\/4294"}],"wp:featuredmedia":[{"embeddable":true,"href":"https:\/\/webdealta.info\/index.php?rest_route=\/wp\/v2\/media\/4293"}],"wp:attachment":[{"href":"https:\/\/webdealta.info\/index.php?rest_route=%2Fwp%2Fv2%2Fmedia&parent=4292"}],"wp:term":[{"taxonomy":"category","embeddable":true,"href":"https:\/\/webdealta.info\/index.php?rest_route=%2Fwp%2Fv2%2Fcategories&post=4292"},{"taxonomy":"post_tag","embeddable":true,"href":"https:\/\/webdealta.info\/index.php?rest_route=%2Fwp%2Fv2%2Ftags&post=4292"}],"curies":[{"name":"wp","href":"https:\/\/api.w.org\/{rel}","templated":true}]}}