{"id":4288,"date":"2022-02-22T21:29:08","date_gmt":"2022-02-23T01:29:08","guid":{"rendered":"https:\/\/webdealta.info\/?p=4288"},"modified":"2022-02-22T21:32:30","modified_gmt":"2022-02-23T01:32:30","slug":"musicos-celebran-el-47-aniversario-de-el-sistema","status":"publish","type":"post","link":"https:\/\/webdealta.info\/?p=4288","title":{"rendered":"M\u00fasicos celebran el 47 aniversario de El Sistema"},"content":{"rendered":"\n<p>Amanda Saldivia.-<\/p>\n\n\n\n<p>Los talentosos m\u00fasicos que pertenecen al n\u00facleo de la orquesta sinf\u00f3nica Rafael Magdaleno Infante Bandres de Altagracia de Orituco, celebran el 47 aniversario del Sistema de Orquestas de Venezuela con una serie de conciertos.<\/p>\n\n\n\n<p>Este martes le correspondi\u00f3 estar en escena a los integrantes de la orquesta t\u00edpica Alma Llanera, en un concierto celebrado en las instalaciones que sirven de sede a esta valiosa instituci\u00f3n del municipio Monagas, donde actualmente se forman m\u00e1s de 300 j\u00f3venes en los distintos programas.<\/p>\n\n\n\n<p>Todav\u00eda puedes apoyar con tu presencia a los m\u00fasicos que se forman en el Sistema de Orquestas de Venezuela, compartimos la programaci\u00f3n:<\/p>\n\n\n\n<ul class=\"wp-block-list\"><li>Mi\u00e9rcoles 23 de febrero Programa Coral Infantil, Juvenil y Adultos.<\/li><\/ul>\n\n\n\n<ul class=\"wp-block-list\"><li>Jueves 24 de febrero Iniciaci\u00f3n Musical.<\/li><\/ul>\n\n\n\n<ul class=\"wp-block-list\"><li>Viernes 25 de febrero cierre con la orquesta sinf\u00f3nica.<\/li><\/ul>\n\n\n\n<ul class=\"wp-block-list\"><li>Lugar: sede de la instituci\u00f3n, ubicada en la calle Ilustres Pr\u00f3ceres. Hora 3:00 pm.<\/li><\/ul>\n\n\n\n<p>@amandasaldivia<\/p>\n\n\n\n<p><\/p>\n","protected":false},"excerpt":{"rendered":"<p>Amanda Saldivia.- Los talentosos m\u00fasicos que pertenecen al n\u00facleo de la orquesta sinf\u00f3nica Rafael Magdaleno Infante Bandres de Altagracia de Orituco, celebran el 47 aniversario del Sistema de Orquestas de Venezuela con una serie de conciertos. Este martes le correspondi\u00f3 estar en escena a los integrantes de la orquesta t\u00edpica<\/p>\n","protected":false},"author":2,"featured_media":4289,"comment_status":"open","ping_status":"open","sticky":false,"template":"","format":"standard","meta":{"advanced_seo_description":"","jetpack_seo_html_title":"","jetpack_seo_noindex":false,"_jetpack_memberships_contains_paid_content":false,"footnotes":"","jetpack_publicize_message":"","jetpack_publicize_feature_enabled":true,"jetpack_social_post_already_shared":true,"jetpack_social_options":{"image_generator_settings":{"template":"highway","enabled":false},"version":2}},"categories":[117],"tags":[8,7,32],"class_list":["post-4288","post","type-post","status-publish","format-standard","has-post-thumbnail","hentry","category-celebracion","tag-altagraciadeorituco","tag-guarico","tag-webdealta",""],"jetpack_publicize_connections":[],"jetpack_featured_media_url":"https:\/\/webdealta.info\/wp-content\/uploads\/2022\/02\/alma-llanera-webdealta.png","jetpack_sharing_enabled":true,"jetpack_likes_enabled":true,"jetpack-related-posts":[],"jetpack_shortlink":"https:\/\/wp.me\/pcseDn-17a","_links":{"self":[{"href":"https:\/\/webdealta.info\/index.php?rest_route=\/wp\/v2\/posts\/4288","targetHints":{"allow":["GET"]}}],"collection":[{"href":"https:\/\/webdealta.info\/index.php?rest_route=\/wp\/v2\/posts"}],"about":[{"href":"https:\/\/webdealta.info\/index.php?rest_route=\/wp\/v2\/types\/post"}],"author":[{"embeddable":true,"href":"https:\/\/webdealta.info\/index.php?rest_route=\/wp\/v2\/users\/2"}],"replies":[{"embeddable":true,"href":"https:\/\/webdealta.info\/index.php?rest_route=%2Fwp%2Fv2%2Fcomments&post=4288"}],"version-history":[{"count":1,"href":"https:\/\/webdealta.info\/index.php?rest_route=\/wp\/v2\/posts\/4288\/revisions"}],"predecessor-version":[{"id":4290,"href":"https:\/\/webdealta.info\/index.php?rest_route=\/wp\/v2\/posts\/4288\/revisions\/4290"}],"wp:featuredmedia":[{"embeddable":true,"href":"https:\/\/webdealta.info\/index.php?rest_route=\/wp\/v2\/media\/4289"}],"wp:attachment":[{"href":"https:\/\/webdealta.info\/index.php?rest_route=%2Fwp%2Fv2%2Fmedia&parent=4288"}],"wp:term":[{"taxonomy":"category","embeddable":true,"href":"https:\/\/webdealta.info\/index.php?rest_route=%2Fwp%2Fv2%2Fcategories&post=4288"},{"taxonomy":"post_tag","embeddable":true,"href":"https:\/\/webdealta.info\/index.php?rest_route=%2Fwp%2Fv2%2Ftags&post=4288"}],"curies":[{"name":"wp","href":"https:\/\/api.w.org\/{rel}","templated":true}]}}