{"id":4245,"date":"2022-02-13T15:16:56","date_gmt":"2022-02-13T19:16:56","guid":{"rendered":"https:\/\/webdealta.info\/?p=4245"},"modified":"2022-02-13T20:43:39","modified_gmt":"2022-02-14T00:43:39","slug":"carnaval-2022-11-candidatas-aspiran-la-corona","status":"publish","type":"post","link":"https:\/\/webdealta.info\/?p=4245","title":{"rendered":"Carnaval 2022: 11 candidatas aspiran la corona"},"content":{"rendered":"\n<p>Amanda Saldivia.-<\/p>\n\n\n\n<p>Son 11 las candidatas que participan en la edici\u00f3n n\u00famero 41 de los Carnavales del Orituco 2022, quienes este s\u00e1bado en horas de la noche desfilaron ante el jurado que tuvo la responsabilidad de otorgar las bandas silueta, presencia, mejor cabello, fotog\u00e9nica, pasarela y prensa.<\/p>\n\n\n\n<p>La actividad organizada por la junta de carnaval, representada en el evento por Reina Sifontes, Alicia de Pinho y Carlos Pimentel, cont\u00f3 con la presentaci\u00f3n de la Fundaci\u00f3n de Artes Esc\u00e9nicas y Musicales Santa B\u00e1rbara de San Rafael de Orituco, la cual destac\u00f3 en el escenario con una fantas\u00eda inspirada en el estado Bol\u00edvar con Madamas de El Callao y mineros, todos bajo la direcci\u00f3n de Jean Castillo.<\/p>\n\n\n\n<p>Un p\u00fablico entusiasta aplaudi\u00f3 a cada una de las candidatas, al ser presentadas formalmente &nbsp;por el animador del evento Rub\u00e9n Padr\u00f3n, quien dirigi\u00f3 de manera impecable la gala para que los medios de comunicaci\u00f3n social conocieran a las aspirantes a coronarse como Reina de los Carnavales 2022. Ellas son: \u00c1ngela Garc\u00eda (La Planta), Dobrianshy Mu\u00f1oz (Las Brisas), Jimmary Castillo (Ipare), Johandry Reyes (Tricentenario), Yuliandri Cardiles (Los Ilustres), Sairelys Mu\u00f1oz (Chimborazo), Brandy Utrera (Asociaci\u00f3n Deportiva), Natalia Monasterios (Valles de Paural), Aleanny Fuentes (La Cuman\u00e1), Angie Berrueta (Sectores Unidos) y Rusbely Cordero (San Rafael). &nbsp;<\/p>\n\n\n\n<figure class=\"wp-block-image size-large\"><img loading=\"lazy\" decoding=\"async\" width=\"1024\" height=\"546\" src=\"https:\/\/webdealta.info\/wp-content\/uploads\/2022\/02\/foto-2-carnaval-webdealta-1024x546.png\" alt=\"\" class=\"wp-image-4247\" srcset=\"https:\/\/webdealta.info\/wp-content\/uploads\/2022\/02\/foto-2-carnaval-webdealta.png 1024w, https:\/\/webdealta.info\/wp-content\/uploads\/2022\/02\/foto-2-carnaval-webdealta.png 300w, https:\/\/webdealta.info\/wp-content\/uploads\/2022\/02\/foto-2-carnaval-webdealta.png 768w, https:\/\/webdealta.info\/wp-content\/uploads\/2022\/02\/foto-2-carnaval-webdealta.png 1170w, https:\/\/webdealta.info\/wp-content\/uploads\/2022\/02\/foto-2-carnaval-webdealta.png 1500w, https:\/\/webdealta.info\/wp-content\/uploads\/2022\/02\/foto-2-carnaval-webdealta.png 1280w\" sizes=\"auto, (max-width: 640px) 100vw, 640px\" \/><\/figure>\n\n\n\n<p>En la velada, destac\u00f3 la participaci\u00f3n de la soberana actual Luimar Santana, quien se luci\u00f3 con un desfile y baile como pre\u00e1mbulo a la entrada en el escenario de las 11 candidatas, que fueron evaluadas por el jurado del evento&nbsp;integrado por Maribel Coronil, Sthefany Yanes, Dakota Cabrera, Anacary De Nobrega y Osman \u00c1lvarez.<\/p>\n\n\n\n<figure class=\"wp-block-image size-large\"><img loading=\"lazy\" decoding=\"async\" width=\"1024\" height=\"546\" src=\"https:\/\/webdealta.info\/wp-content\/uploads\/2022\/02\/foto-3-carnaval-webdealta-1024x546.png\" alt=\"\" class=\"wp-image-4248\" srcset=\"https:\/\/webdealta.info\/wp-content\/uploads\/2022\/02\/foto-3-carnaval-webdealta.png 1024w, https:\/\/webdealta.info\/wp-content\/uploads\/2022\/02\/foto-3-carnaval-webdealta.png 300w, https:\/\/webdealta.info\/wp-content\/uploads\/2022\/02\/foto-3-carnaval-webdealta.png 768w, https:\/\/webdealta.info\/wp-content\/uploads\/2022\/02\/foto-3-carnaval-webdealta.png 1170w, https:\/\/webdealta.info\/wp-content\/uploads\/2022\/02\/foto-3-carnaval-webdealta.png 1500w, https:\/\/webdealta.info\/wp-content\/uploads\/2022\/02\/foto-3-carnaval-webdealta.png 1280w\" sizes=\"auto, (max-width: 640px) 100vw, 640px\" \/><\/figure>\n\n\n\n<p>La decisi\u00f3n del jurado otorg\u00f3 la banda de Fotog\u00e9nica a \u00c1ngela Garc\u00eda (La Planta), Mejor Cabello a Natalia Monasterios (Valles de Paural), Silueta y Prensa a Johandry Reyes (Los Tricentenarios), y Pasarela y Presencia a Angie Berrueta (Sectores Unidos).<\/p>\n\n\n\n<figure class=\"wp-block-image size-large\"><img loading=\"lazy\" decoding=\"async\" width=\"1024\" height=\"546\" src=\"https:\/\/webdealta.info\/wp-content\/uploads\/2022\/02\/carnaval-foto-4-webdealta-1024x546.png\" alt=\"\" class=\"wp-image-4249\" srcset=\"https:\/\/webdealta.info\/wp-content\/uploads\/2022\/02\/carnaval-foto-4-webdealta.png 1024w, https:\/\/webdealta.info\/wp-content\/uploads\/2022\/02\/carnaval-foto-4-webdealta.png 300w, https:\/\/webdealta.info\/wp-content\/uploads\/2022\/02\/carnaval-foto-4-webdealta.png 768w, https:\/\/webdealta.info\/wp-content\/uploads\/2022\/02\/carnaval-foto-4-webdealta.png 1170w, https:\/\/webdealta.info\/wp-content\/uploads\/2022\/02\/carnaval-foto-4-webdealta.png 1500w, https:\/\/webdealta.info\/wp-content\/uploads\/2022\/02\/carnaval-foto-4-webdealta.png 1280w\" sizes=\"auto, (max-width: 640px) 100vw, 640px\" \/><figcaption>Agrupaci\u00f3n Santa B\u00e1rbara <\/figcaption><\/figure>\n","protected":false},"excerpt":{"rendered":"<p>Amanda Saldivia.- Son 11 las candidatas que participan en la edici\u00f3n n\u00famero 41 de los Carnavales del Orituco 2022, quienes este s\u00e1bado en horas de la noche desfilaron ante el jurado que tuvo la responsabilidad de otorgar las bandas silueta, presencia, mejor cabello, fotog\u00e9nica, pasarela y prensa. La actividad organizada<\/p>\n","protected":false},"author":2,"featured_media":4246,"comment_status":"open","ping_status":"open","sticky":false,"template":"","format":"standard","meta":{"advanced_seo_description":"","jetpack_seo_html_title":"","jetpack_seo_noindex":false,"_jetpack_memberships_contains_paid_content":false,"footnotes":"","jetpack_publicize_message":"","jetpack_publicize_feature_enabled":true,"jetpack_social_post_already_shared":true,"jetpack_social_options":{"image_generator_settings":{"template":"highway","enabled":false},"version":2}},"categories":[303],"tags":[8,7,32],"class_list":["post-4245","post","type-post","status-publish","format-standard","has-post-thumbnail","hentry","category-carnaval-2022","tag-altagraciadeorituco","tag-guarico","tag-webdealta",""],"jetpack_publicize_connections":[],"jetpack_featured_media_url":"https:\/\/webdealta.info\/wp-content\/uploads\/2022\/02\/foto-1-carnaval-webdealta.png","jetpack_sharing_enabled":true,"jetpack_likes_enabled":true,"jetpack-related-posts":[],"jetpack_shortlink":"https:\/\/wp.me\/pcseDn-16t","_links":{"self":[{"href":"https:\/\/webdealta.info\/index.php?rest_route=\/wp\/v2\/posts\/4245","targetHints":{"allow":["GET"]}}],"collection":[{"href":"https:\/\/webdealta.info\/index.php?rest_route=\/wp\/v2\/posts"}],"about":[{"href":"https:\/\/webdealta.info\/index.php?rest_route=\/wp\/v2\/types\/post"}],"author":[{"embeddable":true,"href":"https:\/\/webdealta.info\/index.php?rest_route=\/wp\/v2\/users\/2"}],"replies":[{"embeddable":true,"href":"https:\/\/webdealta.info\/index.php?rest_route=%2Fwp%2Fv2%2Fcomments&post=4245"}],"version-history":[{"count":2,"href":"https:\/\/webdealta.info\/index.php?rest_route=\/wp\/v2\/posts\/4245\/revisions"}],"predecessor-version":[{"id":4252,"href":"https:\/\/webdealta.info\/index.php?rest_route=\/wp\/v2\/posts\/4245\/revisions\/4252"}],"wp:featuredmedia":[{"embeddable":true,"href":"https:\/\/webdealta.info\/index.php?rest_route=\/wp\/v2\/media\/4246"}],"wp:attachment":[{"href":"https:\/\/webdealta.info\/index.php?rest_route=%2Fwp%2Fv2%2Fmedia&parent=4245"}],"wp:term":[{"taxonomy":"category","embeddable":true,"href":"https:\/\/webdealta.info\/index.php?rest_route=%2Fwp%2Fv2%2Fcategories&post=4245"},{"taxonomy":"post_tag","embeddable":true,"href":"https:\/\/webdealta.info\/index.php?rest_route=%2Fwp%2Fv2%2Ftags&post=4245"}],"curies":[{"name":"wp","href":"https:\/\/api.w.org\/{rel}","templated":true}]}}