{"id":4235,"date":"2022-02-11T00:14:54","date_gmt":"2022-02-11T04:14:54","guid":{"rendered":"https:\/\/webdealta.info\/?p=4235"},"modified":"2022-02-11T00:15:43","modified_gmt":"2022-02-11T04:15:43","slug":"altagracia-en-marzo-comienzan-clases-de-la-unerg","status":"publish","type":"post","link":"https:\/\/webdealta.info\/?p=4235","title":{"rendered":"Altagracia: en marzo comienzan clases en la UNERG"},"content":{"rendered":"\n<p>Amanda Saldivia.-<\/p>\n\n\n\n<p>Con una matr\u00edcula de 600 estudiantes comenzar\u00e1 a funcionar el n\u00facleo de la Universidad Experimental R\u00f3mulo Gallegos de Altagracia de Orituco, en el venidero mes de marzo, eso de acuerdo a las declaraciones ofrecidas este jueves 10 de febrero por el profesor Luis Fern\u00e1ndez, coordinador de esa instituci\u00f3n en el municipio Monagas.<\/p>\n\n\n\n<p>El anuncio lo hizo en el programa Tiempo de Cambios que se transmite por la emisora Activa 104.9 FM, donde explic\u00f3 que culmin\u00f3 el proceso de captaci\u00f3n de estudiantes y que superaron las expectativas, lo que implica un mayor compromiso para lo que \u00e9l califica como una oportunidad para hacer historia, \u00abestamos apostando a la consolidaci\u00f3n, que la universidad se mantenga en el tiempo\u201d.<\/p>\n\n\n\n<p>En medio de la entrevista con la redactora de esta nota, el profesor Fern\u00e1ndez dijo que hay una nueva estructura organizativa en la alcald\u00eda del municipio Monagas, en la cual \u00e9l fue designado como Director de Educaci\u00f3n y a su vez comisionado para supervisar otras \u00e1reas afines, entre ellas Cultura y Deporte, con miras a seguir el plan trazado por el alcalde Pedro Sol\u00f3rzano, identificado con el nombre de Orituco Renace.<\/p>\n\n\n\n<p>Sobre las carreras, precis\u00f3 que est\u00e1n los 150 bachilleres asignados por la Opsu para cursar Medicina, pero tambi\u00e9n habr\u00e1 Nutrici\u00f3n y Diet\u00e9tica, Enfermer\u00eda, Fisioterapia, adem\u00e1s de Contadur\u00eda, Comunicaci\u00f3n Social, Derecho y Agronom\u00eda en producci\u00f3n vegetal, lo que suma una matr\u00edcula de 600 bachilleres que iniciar\u00e1n estudios universitarios.<\/p>\n\n\n\n<p>El profesor Luis Fern\u00e1ndez suministr\u00f3 el correo electr\u00f3nico <a href=\"mailto:oritucorenaveeducaci\u00f3n@gmail.com\">oritucorenaceeducacion@gmail.com<\/a> como alternativa para captar a los profesionales que deseen formar parte de la plantilla de profesores de esa casa de estudios.<\/p>\n\n\n\n<p>Respecto a la sede, el coordinador del N\u00facleo de la UNERG, se\u00f1al\u00f3 que est\u00e1n en proceso de mudanza de las oficinas de la alcald\u00eda al Palacio Municipal, al frente de la plaza Bol\u00edvar, para dejar el parque R\u00f3mulo Gallegos de La Playera para uso exclusivo de la universidad.<\/p>\n\n\n\n<p>En cuanto a la dotaci\u00f3n y otros aspectos relacionados a la planta f\u00edsica, indic\u00f3 que ser\u00e1n las autoridades de la Universidad, el mandatario regional y municipal, quienes aporten mayores detalles.<\/p>\n\n\n\n<p>@amandasaldivia<\/p>\n\n\n\n<p><\/p>\n","protected":false},"excerpt":{"rendered":"<p>Amanda Saldivia.- Con una matr\u00edcula de 600 estudiantes comenzar\u00e1 a funcionar el n\u00facleo de la Universidad Experimental R\u00f3mulo Gallegos de Altagracia de Orituco, en el venidero mes de marzo, eso de acuerdo a las declaraciones ofrecidas este jueves 10 de febrero por el profesor Luis Fern\u00e1ndez, coordinador de esa instituci\u00f3n<\/p>\n","protected":false},"author":2,"featured_media":4237,"comment_status":"open","ping_status":"open","sticky":false,"template":"","format":"standard","meta":{"advanced_seo_description":"","jetpack_seo_html_title":"","jetpack_seo_noindex":false,"_jetpack_memberships_contains_paid_content":false,"footnotes":"","jetpack_publicize_message":"","jetpack_publicize_feature_enabled":true,"jetpack_social_post_already_shared":true,"jetpack_social_options":{"image_generator_settings":{"template":"highway","enabled":false},"version":2}},"categories":[151],"tags":[8,7,32],"class_list":["post-4235","post","type-post","status-publish","format-standard","has-post-thumbnail","hentry","category-educacion","tag-altagraciadeorituco","tag-guarico","tag-webdealta",""],"jetpack_publicize_connections":[],"jetpack_featured_media_url":"https:\/\/webdealta.info\/wp-content\/uploads\/2022\/02\/profesor-Luis-Fernandez-UNERG-Webdealta.png","jetpack_sharing_enabled":true,"jetpack_likes_enabled":true,"jetpack-related-posts":[],"jetpack_shortlink":"https:\/\/wp.me\/pcseDn-16j","_links":{"self":[{"href":"https:\/\/webdealta.info\/index.php?rest_route=\/wp\/v2\/posts\/4235","targetHints":{"allow":["GET"]}}],"collection":[{"href":"https:\/\/webdealta.info\/index.php?rest_route=\/wp\/v2\/posts"}],"about":[{"href":"https:\/\/webdealta.info\/index.php?rest_route=\/wp\/v2\/types\/post"}],"author":[{"embeddable":true,"href":"https:\/\/webdealta.info\/index.php?rest_route=\/wp\/v2\/users\/2"}],"replies":[{"embeddable":true,"href":"https:\/\/webdealta.info\/index.php?rest_route=%2Fwp%2Fv2%2Fcomments&post=4235"}],"version-history":[{"count":2,"href":"https:\/\/webdealta.info\/index.php?rest_route=\/wp\/v2\/posts\/4235\/revisions"}],"predecessor-version":[{"id":4239,"href":"https:\/\/webdealta.info\/index.php?rest_route=\/wp\/v2\/posts\/4235\/revisions\/4239"}],"wp:featuredmedia":[{"embeddable":true,"href":"https:\/\/webdealta.info\/index.php?rest_route=\/wp\/v2\/media\/4237"}],"wp:attachment":[{"href":"https:\/\/webdealta.info\/index.php?rest_route=%2Fwp%2Fv2%2Fmedia&parent=4235"}],"wp:term":[{"taxonomy":"category","embeddable":true,"href":"https:\/\/webdealta.info\/index.php?rest_route=%2Fwp%2Fv2%2Fcategories&post=4235"},{"taxonomy":"post_tag","embeddable":true,"href":"https:\/\/webdealta.info\/index.php?rest_route=%2Fwp%2Fv2%2Ftags&post=4235"}],"curies":[{"name":"wp","href":"https:\/\/api.w.org\/{rel}","templated":true}]}}