{"id":4226,"date":"2022-02-08T20:43:53","date_gmt":"2022-02-09T00:43:53","guid":{"rendered":"https:\/\/webdealta.info\/?p=4226"},"modified":"2022-02-08T20:43:55","modified_gmt":"2022-02-09T00:43:55","slug":"estres-laboral-impacta-en-la-actividad-publica-y-privada","status":"publish","type":"post","link":"https:\/\/webdealta.info\/?p=4226","title":{"rendered":"Estr\u00e9s laboral impacta en la actividad p\u00fablica y privada"},"content":{"rendered":"\n<p>Amanda Saldivia.-<\/p>\n\n\n\n<p>Aunque no existen estad\u00edsticas en el municipio Monagas, Gu\u00e1rico, sobre el impacto del estr\u00e9s laboral en el \u00e1mbito de la actividad p\u00fablica y privada, si se conocen casos de trabajadores que presentan patolog\u00edas asociadas a factores vinculados a la jornada laboral, en combinaci\u00f3n con los bajos ingresos, efectos de la pandemia, situaciones de tipo familiar y por el impacto del deterioro de los servicios p\u00fablicos.<\/p>\n\n\n\n<p>As\u00ed lo se\u00f1al\u00f3 la Dra. Marianella Ytriago, directora de la Unidad de Medicina Laboral M &amp; C que funciona en el Centro M\u00e9dico Orituco, quien fue la invitada al programa Tiempo de Cambios que se transmite por la emisora Activa 104.9 FM, para abordar el tema del estr\u00e9s laboral y qu\u00e9 hacer ante esta realidad.<\/p>\n\n\n\n<p>Explic\u00f3 que la entrevista al trabajador es la que permite determinar si efectivamente se trata de un caso de estr\u00e9s producto del trabajo o si por el contrario son factores externos los que provocan el agotamiento del trabajador, el cual por lo general se traduce en poco rendimiento en las labores e irritabilidad al momento de cumplir con las actividades que forman parte de las funciones que desempe\u00f1a cotidianamente.<\/p>\n\n\n\n<p>Reconoci\u00f3 que aunque hay un impacto de los factores externos, producto de la situaci\u00f3n del pa\u00eds, tambi\u00e9n recomend\u00f3 a los empleadores estar atentos al estr\u00e9s por causa del trabajo, con la finalidad de que busquen los correctivos pertinentes, entre ellos la asesor\u00eda de expertos que hagan la revisi\u00f3n de los puestos de trabajo, para con ello generar las recomendaciones.<\/p>\n\n\n\n<p>Al referirse a los s\u00edntomas que pudieran evidenciar que el trabajador est\u00e1 atravesando una crisis por estr\u00e9s laboral, la Dra. Marianella Itriago, dijo que pueden observarse dificultad para cumplir las tareas cotidianas, desmotivaci\u00f3n, irritabilidad, ausentismo, discusiones con compa\u00f1eros y descuidos que pudieran llevar a accidentes laborales, as\u00ed como tambi\u00e9n manifestaciones de tipo cl\u00ednicas como la alopecia, entre otras.<\/p>\n\n\n\n<p>Igualmente caracteriz\u00f3 lo que se considera estr\u00e9s positivo, el cual est\u00e1 dado por actividades que imprimen presi\u00f3n al trabajo, pero despiertan la creatividad y elevan el desempe\u00f1o, en contrapartida con el negativo que provoca lo descrito en el p\u00e1rrafo anterior. Para contactos en Instagram @unidadmedicinalaboral.mc<\/p>\n\n\n\n<p>@amandasaldivia<\/p>\n\n\n\n<p><\/p>\n","protected":false},"excerpt":{"rendered":"<p>Amanda Saldivia.- Aunque no existen estad\u00edsticas en el municipio Monagas, Gu\u00e1rico, sobre el impacto del estr\u00e9s laboral en el \u00e1mbito de la actividad p\u00fablica y privada, si se conocen casos de trabajadores que presentan patolog\u00edas asociadas a factores vinculados a la jornada laboral, en combinaci\u00f3n con los bajos ingresos, efectos<\/p>\n","protected":false},"author":2,"featured_media":4227,"comment_status":"open","ping_status":"open","sticky":false,"template":"","format":"standard","meta":{"advanced_seo_description":"","jetpack_seo_html_title":"","jetpack_seo_noindex":false,"_jetpack_memberships_contains_paid_content":false,"footnotes":"","jetpack_publicize_message":"","jetpack_publicize_feature_enabled":true,"jetpack_social_post_already_shared":true,"jetpack_social_options":{"image_generator_settings":{"template":"highway","enabled":false},"version":2}},"categories":[12],"tags":[8,7,32],"class_list":["post-4226","post","type-post","status-publish","format-standard","has-post-thumbnail","hentry","category-salud","tag-altagraciadeorituco","tag-guarico","tag-webdealta",""],"jetpack_publicize_connections":[],"jetpack_featured_media_url":"https:\/\/webdealta.info\/wp-content\/uploads\/2022\/02\/estres-webdealta.png","jetpack_sharing_enabled":true,"jetpack_likes_enabled":true,"jetpack-related-posts":[],"jetpack_shortlink":"https:\/\/wp.me\/pcseDn-16a","_links":{"self":[{"href":"https:\/\/webdealta.info\/index.php?rest_route=\/wp\/v2\/posts\/4226","targetHints":{"allow":["GET"]}}],"collection":[{"href":"https:\/\/webdealta.info\/index.php?rest_route=\/wp\/v2\/posts"}],"about":[{"href":"https:\/\/webdealta.info\/index.php?rest_route=\/wp\/v2\/types\/post"}],"author":[{"embeddable":true,"href":"https:\/\/webdealta.info\/index.php?rest_route=\/wp\/v2\/users\/2"}],"replies":[{"embeddable":true,"href":"https:\/\/webdealta.info\/index.php?rest_route=%2Fwp%2Fv2%2Fcomments&post=4226"}],"version-history":[{"count":1,"href":"https:\/\/webdealta.info\/index.php?rest_route=\/wp\/v2\/posts\/4226\/revisions"}],"predecessor-version":[{"id":4228,"href":"https:\/\/webdealta.info\/index.php?rest_route=\/wp\/v2\/posts\/4226\/revisions\/4228"}],"wp:featuredmedia":[{"embeddable":true,"href":"https:\/\/webdealta.info\/index.php?rest_route=\/wp\/v2\/media\/4227"}],"wp:attachment":[{"href":"https:\/\/webdealta.info\/index.php?rest_route=%2Fwp%2Fv2%2Fmedia&parent=4226"}],"wp:term":[{"taxonomy":"category","embeddable":true,"href":"https:\/\/webdealta.info\/index.php?rest_route=%2Fwp%2Fv2%2Fcategories&post=4226"},{"taxonomy":"post_tag","embeddable":true,"href":"https:\/\/webdealta.info\/index.php?rest_route=%2Fwp%2Fv2%2Ftags&post=4226"}],"curies":[{"name":"wp","href":"https:\/\/api.w.org\/{rel}","templated":true}]}}