{"id":4222,"date":"2022-02-07T22:18:57","date_gmt":"2022-02-08T02:18:57","guid":{"rendered":"https:\/\/webdealta.info\/?p=4222"},"modified":"2022-02-07T22:19:00","modified_gmt":"2022-02-08T02:19:00","slug":"laicos-anunciatos-recuperan-capilla-el-carmen","status":"publish","type":"post","link":"https:\/\/webdealta.info\/?p=4222","title":{"rendered":"Laicos Anunciatos recuperan capilla El Carmen"},"content":{"rendered":"\n<p>Amanda Saldivia.-<\/p>\n\n\n\n<p>Desde hace algunas semanas ya comienzan a observarse cambios en la fachada de la capilla de El Carmen, ubicada en la calle Juli\u00e1n Mellado cruce con Ilustres Pr\u00f3ceres de Altagracia de Orituco, gracias a las acciones de los Laicos Anunciatos, quienes emprendieron una campa\u00f1a para recuperar esa edificaci\u00f3n que pertenece a la parroquia Nuestra Se\u00f1ora de Altagracia y que sirvi\u00f3 de sede de las Hermanitas de la Anunciaci\u00f3n.<\/p>\n\n\n\n<p>En declaraciones ofrecidas por parte de la directiva de esa organizaci\u00f3n, entre ellos la coordinadora Yasm\u00edn Oma\u00f1a, Leonardo Lagazzi y Donny Silva, estos \u00faltimos con el rol de agentes, explicaron que por el tema de la pandemia las Hermanitas de la Anunciaci\u00f3n no pudieron continuar su labor pastoral en Altagracia de Orituco, motivo por el cual el padre Cruz Mujica les pidi\u00f3 que asumier\u00e1n las actividades que abarca ese \u00e1mbito, es decir los sectores Botal\u00f3n, La Playera y El Mercado.<\/p>\n\n\n\n<p>Durante la entrevista en el programa radial Tiempo de Cambios, que se transmite por la emisora Activa 104.9 FM, dieron a conocer que al asumir la responsabilidad evaluaron que una de las primeras acciones era recuperar las instalaciones de la capilla y de la casa anexa que serv\u00eda de residencias de las hermanitas.<\/p>\n\n\n\n<p>Agregaron que comenzaron las labores hace unas semanas con aportes de ciudadanos y ahora tienen en proyecto la venta de una gorra con el emblema de los Laicos Anunciatos, adem\u00e1s de recibir colaboraciones por medio de pago m\u00f3vil Banesco al n\u00famero 04142944504, c\u00e9dula 10.496.805.<\/p>\n\n\n\n<p>La fecha estimada para la culminaci\u00f3n de la pintura externa e interna de la capilla es antes del 25 de marzo, fecha en la cual se celebra la Solemnidad de la Anunciaci\u00f3n del Se\u00f1or y tienen una programaci\u00f3n especial.<\/p>\n\n\n\n<p>@amandasaldivia    <\/p>\n\n\n\n<p><\/p>\n","protected":false},"excerpt":{"rendered":"<p>Amanda Saldivia.- Desde hace algunas semanas ya comienzan a observarse cambios en la fachada de la capilla de El Carmen, ubicada en la calle Juli\u00e1n Mellado cruce con Ilustres Pr\u00f3ceres de Altagracia de Orituco, gracias a las acciones de los Laicos Anunciatos, quienes emprendieron una campa\u00f1a para recuperar esa edificaci\u00f3n<\/p>\n","protected":false},"author":2,"featured_media":4223,"comment_status":"open","ping_status":"open","sticky":false,"template":"","format":"standard","meta":{"advanced_seo_description":"","jetpack_seo_html_title":"","jetpack_seo_noindex":false,"_jetpack_memberships_contains_paid_content":false,"footnotes":"","jetpack_publicize_message":"","jetpack_publicize_feature_enabled":true,"jetpack_social_post_already_shared":true,"jetpack_social_options":{"image_generator_settings":{"template":"highway","enabled":false},"version":2}},"categories":[42],"tags":[8,7,32],"class_list":["post-4222","post","type-post","status-publish","format-standard","has-post-thumbnail","hentry","category-iglesia-catolica","tag-altagraciadeorituco","tag-guarico","tag-webdealta",""],"jetpack_publicize_connections":[],"jetpack_featured_media_url":"https:\/\/webdealta.info\/wp-content\/uploads\/2022\/02\/webdealta-capilla-de-El-Carmen.png","jetpack_sharing_enabled":true,"jetpack_likes_enabled":true,"jetpack-related-posts":[],"jetpack_shortlink":"https:\/\/wp.me\/pcseDn-166","_links":{"self":[{"href":"https:\/\/webdealta.info\/index.php?rest_route=\/wp\/v2\/posts\/4222","targetHints":{"allow":["GET"]}}],"collection":[{"href":"https:\/\/webdealta.info\/index.php?rest_route=\/wp\/v2\/posts"}],"about":[{"href":"https:\/\/webdealta.info\/index.php?rest_route=\/wp\/v2\/types\/post"}],"author":[{"embeddable":true,"href":"https:\/\/webdealta.info\/index.php?rest_route=\/wp\/v2\/users\/2"}],"replies":[{"embeddable":true,"href":"https:\/\/webdealta.info\/index.php?rest_route=%2Fwp%2Fv2%2Fcomments&post=4222"}],"version-history":[{"count":1,"href":"https:\/\/webdealta.info\/index.php?rest_route=\/wp\/v2\/posts\/4222\/revisions"}],"predecessor-version":[{"id":4224,"href":"https:\/\/webdealta.info\/index.php?rest_route=\/wp\/v2\/posts\/4222\/revisions\/4224"}],"wp:featuredmedia":[{"embeddable":true,"href":"https:\/\/webdealta.info\/index.php?rest_route=\/wp\/v2\/media\/4223"}],"wp:attachment":[{"href":"https:\/\/webdealta.info\/index.php?rest_route=%2Fwp%2Fv2%2Fmedia&parent=4222"}],"wp:term":[{"taxonomy":"category","embeddable":true,"href":"https:\/\/webdealta.info\/index.php?rest_route=%2Fwp%2Fv2%2Fcategories&post=4222"},{"taxonomy":"post_tag","embeddable":true,"href":"https:\/\/webdealta.info\/index.php?rest_route=%2Fwp%2Fv2%2Ftags&post=4222"}],"curies":[{"name":"wp","href":"https:\/\/api.w.org\/{rel}","templated":true}]}}