{"id":4218,"date":"2022-02-06T09:42:27","date_gmt":"2022-02-06T13:42:27","guid":{"rendered":"https:\/\/webdealta.info\/?p=4218"},"modified":"2022-08-21T19:13:24","modified_gmt":"2022-08-21T23:13:24","slug":"el-poder-de-conocimiento-es-un-fosil-de-caracol","status":"publish","type":"post","link":"https:\/\/webdealta.info\/?p=4218","title":{"rendered":"El Poder de Conocimiento: \u00a1es un f\u00f3sil de caracol!"},"content":{"rendered":"\n<p>Amanda Saldivia.-<\/p>\n\n\n\n<p>La empresa Promasorca inici\u00f3 esta semana un nuevo ciclo de micros radiales, a los cuales titul\u00f3 El Poder del Conocimiento, espacio producido para enriquecer los saberes con curiosidades, an\u00e9cdotas e historias interesantes de nuestra regi\u00f3n orituque\u00f1a y del mundo.<\/p>\n\n\n\n<p>El primer micro se titul\u00f3 La Piedra de Caracol y est\u00e1 relacionado al f\u00f3sil de amonite que destaca en la plaza Bol\u00edvar de Altagracia de Orituco. La difusi\u00f3n de este material se realiza en el programa Tiempo de Cambios que se transmite por la emisora Activa 104.9 FM y todos los lunes ser\u00e1 presentado un nuevo tema, como un aporte para enriquecer el conocimiento, bajo la producci\u00f3n de la redactora de esta nota de prensa.<\/p>\n\n\n\n<p>En aras de masificar la difusi\u00f3n de esta nueva serie de micros radiales impulsados por Promasorca, todas las semanas publicaremos en este medio digital ese contenido. Presentamos: La Piedra de Caracol.<\/p>\n\n\n\n<p>Sabias qu\u00e9 lo que com\u00fanmente llamamos La Piedra de Caracol que est\u00e1 en la plaza Bol\u00edvar de Altagracia, es realmente un f\u00f3sil enorme localizado en este municipio, cuyo territorio estuvo bajo el oc\u00e9ano durante la era mesozoica.<\/p>\n\n\n\n<p>El nombre que se le da a este tipo de hallazgo es amonite: que es un f\u00f3sil de molusco cefal\u00f3podos con la concha externa en forma de espiral. Estas criaturas se extinguieron hace 65 millones de a\u00f1os y el municipio Monagas es rico en evidencias de como el mar se retir\u00f3 y dej\u00f3 amonites para conocer que existieron moluscos de gran tama\u00f1o, como en que est\u00e1 en la plaza Bol\u00edvar de Altagracia.<\/p>\n\n\n\n<p>Por lo general, estas evidencias est\u00e1n en zonas donde predominan las rocas calizas, como es el caso de los Morros de Macaira e Ipare, donde podemos encontrar f\u00f3siles de peces y otras especies que formaron parte de la fauna marina que predominaba en la era mesozoica.<\/p>\n\n\n\n<p>As\u00ed que cuando un visitante, te pregunte y esa piedra, diles que es un amonite y que en esta regi\u00f3n abundan los f\u00f3siles marinos, porque estuvo bajo el oc\u00e9ano hace millones de a\u00f1os.<\/p>\n\n\n\n<p>@amandasaldivia          <\/p>\n\n\n\n<p><\/p>\n\n\n\n<figure class=\"wp-block-embed is-type-video is-provider-youtube wp-block-embed-youtube wp-embed-aspect-16-9 wp-has-aspect-ratio\"><div class=\"wp-block-embed__wrapper\">\n<iframe loading=\"lazy\" title=\"piedra caracol\" width=\"640\" height=\"360\" src=\"https:\/\/www.youtube.com\/embed\/7Vb2JJ2VyqQ?feature=oembed\" frameborder=\"0\" allow=\"accelerometer; autoplay; clipboard-write; encrypted-media; gyroscope; picture-in-picture; web-share\" referrerpolicy=\"strict-origin-when-cross-origin\" allowfullscreen><\/iframe>\n<\/div><\/figure>\n","protected":false},"excerpt":{"rendered":"<p>Amanda Saldivia.- La empresa Promasorca inici\u00f3 esta semana un nuevo ciclo de micros radiales, a los cuales titul\u00f3 El Poder del Conocimiento, espacio producido para enriquecer los saberes con curiosidades, an\u00e9cdotas e historias interesantes de nuestra regi\u00f3n orituque\u00f1a y del mundo. El primer micro se titul\u00f3 La Piedra de Caracol<\/p>\n","protected":false},"author":2,"featured_media":4219,"comment_status":"open","ping_status":"open","sticky":false,"template":"","format":"standard","meta":{"advanced_seo_description":"","jetpack_seo_html_title":"","jetpack_seo_noindex":false,"_jetpack_memberships_contains_paid_content":false,"footnotes":"","jetpack_publicize_message":"","jetpack_publicize_feature_enabled":true,"jetpack_social_post_already_shared":true,"jetpack_social_options":{"image_generator_settings":{"template":"highway","enabled":false},"version":2}},"categories":[302],"tags":[8,7,32],"class_list":["post-4218","post","type-post","status-publish","format-standard","has-post-thumbnail","hentry","category-el-poder-del-conocimiento","tag-altagraciadeorituco","tag-guarico","tag-webdealta",""],"jetpack_publicize_connections":[],"jetpack_featured_media_url":"https:\/\/webdealta.info\/wp-content\/uploads\/2022\/02\/Amonite-webdealta.png","jetpack_sharing_enabled":true,"jetpack_likes_enabled":true,"jetpack-related-posts":[],"jetpack_shortlink":"https:\/\/wp.me\/pcseDn-162","_links":{"self":[{"href":"https:\/\/webdealta.info\/index.php?rest_route=\/wp\/v2\/posts\/4218","targetHints":{"allow":["GET"]}}],"collection":[{"href":"https:\/\/webdealta.info\/index.php?rest_route=\/wp\/v2\/posts"}],"about":[{"href":"https:\/\/webdealta.info\/index.php?rest_route=\/wp\/v2\/types\/post"}],"author":[{"embeddable":true,"href":"https:\/\/webdealta.info\/index.php?rest_route=\/wp\/v2\/users\/2"}],"replies":[{"embeddable":true,"href":"https:\/\/webdealta.info\/index.php?rest_route=%2Fwp%2Fv2%2Fcomments&post=4218"}],"version-history":[{"count":3,"href":"https:\/\/webdealta.info\/index.php?rest_route=\/wp\/v2\/posts\/4218\/revisions"}],"predecessor-version":[{"id":5353,"href":"https:\/\/webdealta.info\/index.php?rest_route=\/wp\/v2\/posts\/4218\/revisions\/5353"}],"wp:featuredmedia":[{"embeddable":true,"href":"https:\/\/webdealta.info\/index.php?rest_route=\/wp\/v2\/media\/4219"}],"wp:attachment":[{"href":"https:\/\/webdealta.info\/index.php?rest_route=%2Fwp%2Fv2%2Fmedia&parent=4218"}],"wp:term":[{"taxonomy":"category","embeddable":true,"href":"https:\/\/webdealta.info\/index.php?rest_route=%2Fwp%2Fv2%2Fcategories&post=4218"},{"taxonomy":"post_tag","embeddable":true,"href":"https:\/\/webdealta.info\/index.php?rest_route=%2Fwp%2Fv2%2Ftags&post=4218"}],"curies":[{"name":"wp","href":"https:\/\/api.w.org\/{rel}","templated":true}]}}