{"id":4203,"date":"2022-02-02T21:13:00","date_gmt":"2022-02-03T01:13:00","guid":{"rendered":"https:\/\/webdealta.info\/?p=4203"},"modified":"2022-02-02T21:13:04","modified_gmt":"2022-02-03T01:13:04","slug":"continua-el-plan-de-iluminacion","status":"publish","type":"post","link":"https:\/\/webdealta.info\/?p=4203","title":{"rendered":"Contin\u00faa el plan de iluminaci\u00f3n"},"content":{"rendered":"\n<p>Amanda Saldivia.-<\/p>\n\n\n\n<p>H\u00e1gase la luz, es el nombre que le dio la alcald\u00eda del municipio Jos\u00e9 Tadeo Monagas, al plan de iluminaci\u00f3n que comenz\u00f3 esta semana con la instalaci\u00f3n de 300 l\u00e1mparas LED, de acuerdo a la caracterizaci\u00f3n de necesidades realizada por los Consejos Comunales y que abarcar\u00e1 las siete parroquias de esta regi\u00f3n guarique\u00f1a.<\/p>\n\n\n\n<p>En un contacto telef\u00f3nico con el programa Tiempo de Cambios, que se transmite por la emisora Activa 104.9 FM y es conducido por la redactora de esta nota, el alcalde Pedro Sol\u00f3rzano dijo que ya han instalado 60 l\u00e1mparas desde que comenz\u00f3 el plan y este mi\u00e9rcoles dos de febrero se encontraban en la avenida Soto Rojas de Altagracia de Orituco, para luego trasladarse al sector Tricentenario.<\/p>\n\n\n\n<p>Al preguntarle sobre el plan de bacheo, el mandatario local precis\u00f3 que este jueves llegar\u00e1 asfalto para atender las calles que ya est\u00e1n escarificadas, espec\u00edficamente del casco central de Altagracia, para posteriormente sanear otras arterias viales.<\/p>\n\n\n\n<p>En referencia al aseo urbano, el alcalde Pedro Sol\u00f3rzano, explic\u00f3 que ha mejorado con la activaci\u00f3n de dos unidades y que actualmente est\u00e1n acondicionando el vertedero para facilitar el proceso de descarga de los desechos s\u00f3lidos, mientras realizan otras gestiones orientadas a optimizar este importante servicio.<\/p>\n\n\n\n<p>Pidi\u00f3 a la poblaci\u00f3n paciencia, al tiempo que dijo que en menos de dos meses de gesti\u00f3n al frente de la gerencia municipal ya se ven cambios positivos y los llam\u00f3 a tener confianza.<\/p>\n\n\n\n<p>@amandasaldivia<\/p>\n\n\n\n<p><\/p>\n","protected":false},"excerpt":{"rendered":"<p>Amanda Saldivia.- H\u00e1gase la luz, es el nombre que le dio la alcald\u00eda del municipio Jos\u00e9 Tadeo Monagas, al plan de iluminaci\u00f3n que comenz\u00f3 esta semana con la instalaci\u00f3n de 300 l\u00e1mparas LED, de acuerdo a la caracterizaci\u00f3n de necesidades realizada por los Consejos Comunales y que abarcar\u00e1 las siete<\/p>\n","protected":false},"author":2,"featured_media":4204,"comment_status":"open","ping_status":"open","sticky":false,"template":"","format":"standard","meta":{"advanced_seo_description":"","jetpack_seo_html_title":"","jetpack_seo_noindex":false,"_jetpack_memberships_contains_paid_content":false,"footnotes":"","jetpack_publicize_message":"","jetpack_publicize_feature_enabled":true,"jetpack_social_post_already_shared":true,"jetpack_social_options":{"image_generator_settings":{"template":"highway","enabled":false},"version":2}},"categories":[15],"tags":[8,7,32],"class_list":["post-4203","post","type-post","status-publish","format-standard","has-post-thumbnail","hentry","category-municipalidad","tag-altagraciadeorituco","tag-guarico","tag-webdealta",""],"jetpack_publicize_connections":[],"jetpack_featured_media_url":"https:\/\/webdealta.info\/wp-content\/uploads\/2022\/02\/photo5177317908798351791-1.jpg","jetpack_sharing_enabled":true,"jetpack_likes_enabled":true,"jetpack-related-posts":[],"jetpack_shortlink":"https:\/\/wp.me\/pcseDn-15N","_links":{"self":[{"href":"https:\/\/webdealta.info\/index.php?rest_route=\/wp\/v2\/posts\/4203","targetHints":{"allow":["GET"]}}],"collection":[{"href":"https:\/\/webdealta.info\/index.php?rest_route=\/wp\/v2\/posts"}],"about":[{"href":"https:\/\/webdealta.info\/index.php?rest_route=\/wp\/v2\/types\/post"}],"author":[{"embeddable":true,"href":"https:\/\/webdealta.info\/index.php?rest_route=\/wp\/v2\/users\/2"}],"replies":[{"embeddable":true,"href":"https:\/\/webdealta.info\/index.php?rest_route=%2Fwp%2Fv2%2Fcomments&post=4203"}],"version-history":[{"count":1,"href":"https:\/\/webdealta.info\/index.php?rest_route=\/wp\/v2\/posts\/4203\/revisions"}],"predecessor-version":[{"id":4205,"href":"https:\/\/webdealta.info\/index.php?rest_route=\/wp\/v2\/posts\/4203\/revisions\/4205"}],"wp:featuredmedia":[{"embeddable":true,"href":"https:\/\/webdealta.info\/index.php?rest_route=\/wp\/v2\/media\/4204"}],"wp:attachment":[{"href":"https:\/\/webdealta.info\/index.php?rest_route=%2Fwp%2Fv2%2Fmedia&parent=4203"}],"wp:term":[{"taxonomy":"category","embeddable":true,"href":"https:\/\/webdealta.info\/index.php?rest_route=%2Fwp%2Fv2%2Fcategories&post=4203"},{"taxonomy":"post_tag","embeddable":true,"href":"https:\/\/webdealta.info\/index.php?rest_route=%2Fwp%2Fv2%2Ftags&post=4203"}],"curies":[{"name":"wp","href":"https:\/\/api.w.org\/{rel}","templated":true}]}}