{"id":4179,"date":"2022-01-30T20:31:43","date_gmt":"2022-01-31T00:31:43","guid":{"rendered":"https:\/\/webdealta.info\/?p=4179"},"modified":"2022-01-30T20:32:52","modified_gmt":"2022-01-31T00:32:52","slug":"salud-nuevas-designaciones-para-el-hospital-y-la-asic","status":"publish","type":"post","link":"https:\/\/webdealta.info\/?p=4179","title":{"rendered":"Nuevas designaciones para el hospital y la ASIC"},"content":{"rendered":"\n<p>Amanda Saldivia.-<\/p>\n\n\n\n<p>Se conoci\u00f3 que la direcci\u00f3n del hospital Dr. Jos\u00e9 Francisco Torrealba de Altagracia de Orituco, ahora est\u00e1 a cargo del Dr. Miguel Guti\u00e9rrez, mientras el \u00c1rea de Salud Integral Comunitaria del municipio Monagas (ASIC), ser\u00e1 coordinada por la Dra. Rosa Peroso.<\/p>\n\n\n\n<p>En ambos casos, se trata de personal que ya ven\u00eda desempe\u00f1\u00e1ndose en equipo con los profesionales salientes, porque la direcci\u00f3n del hospital estaba bajo la responsabilidad del Dr. Arqu\u00edmedes M\u00e1rquez y la subdirecci\u00f3n reca\u00eda en el Dr. Miguel Guti\u00e9rrez. Una situaci\u00f3n similar pas\u00f3 en la ASIC, la cual era coordinada por el licenciado Margarito Quintana, con el apoyo de la Dra. Rosa Peroso, quien organizaba las jornadas del \u00e1rea de salud.<\/p>\n\n\n\n<p>Es importante destacar, que el Dr. Arqu\u00edmedes M\u00e1rquez estuvo al frente de la direcci\u00f3n del hospital en los \u00faltimos cuatro a\u00f1os y le toc\u00f3 enfrentar la peor etapa, como fue el inicio de la pandemia por covid-19, lo que implic\u00f3 adecuaciones de \u00e1reas, preparaci\u00f3n del personal e incertidumbre por las consecuencias de este virus que tantas vidas ha cobrado.<\/p>\n\n\n\n<p>Igualmente, este profesional de la medicina, coordinaba el ASIC, responsabilidad que posteriormente asumi\u00f3 el licenciado Margarito Quintana, para llevar adelante la otra etapa, como lo fue la campa\u00f1a de vacunaci\u00f3n contra el covid-19 y el avance de este programa de inmunizaci\u00f3n a las escuelas.<\/p>\n\n\n\n<p>Hasta el momento se desconoce qui\u00e9n ocupar\u00e1 la subdirecci\u00f3n del hospital, escogencia que al parecer est\u00e1 en manos del Dr. Miguel Guti\u00e9rrez.<\/p>\n\n\n\n<p>@amandasaldivia   <\/p>\n\n\n\n<p><\/p>\n","protected":false},"excerpt":{"rendered":"<p>Amanda Saldivia.- Se conoci\u00f3 que la direcci\u00f3n del hospital Dr. Jos\u00e9 Francisco Torrealba de Altagracia de Orituco, ahora est\u00e1 a cargo del Dr. Miguel Guti\u00e9rrez, mientras el \u00c1rea de Salud Integral Comunitaria del municipio Monagas (ASIC), ser\u00e1 coordinada por la Dra. Rosa Peroso. En ambos casos, se trata de personal<\/p>\n","protected":false},"author":2,"featured_media":4180,"comment_status":"open","ping_status":"open","sticky":false,"template":"","format":"standard","meta":{"advanced_seo_description":"","jetpack_seo_html_title":"","jetpack_seo_noindex":false,"_jetpack_memberships_contains_paid_content":false,"footnotes":"","jetpack_publicize_message":"","jetpack_publicize_feature_enabled":true,"jetpack_social_post_already_shared":true,"jetpack_social_options":{"image_generator_settings":{"template":"highway","enabled":false},"version":2}},"categories":[12],"tags":[8,11,7,32],"class_list":["post-4179","post","type-post","status-publish","format-standard","has-post-thumbnail","hentry","category-salud","tag-altagraciadeorituco","tag-covid19","tag-guarico","tag-webdealta",""],"jetpack_publicize_connections":[],"jetpack_featured_media_url":"https:\/\/webdealta.info\/wp-content\/uploads\/2022\/01\/hospital-webdealta-4.jpg","jetpack_sharing_enabled":true,"jetpack_likes_enabled":true,"jetpack-related-posts":[],"jetpack_shortlink":"https:\/\/wp.me\/pcseDn-15p","_links":{"self":[{"href":"https:\/\/webdealta.info\/index.php?rest_route=\/wp\/v2\/posts\/4179","targetHints":{"allow":["GET"]}}],"collection":[{"href":"https:\/\/webdealta.info\/index.php?rest_route=\/wp\/v2\/posts"}],"about":[{"href":"https:\/\/webdealta.info\/index.php?rest_route=\/wp\/v2\/types\/post"}],"author":[{"embeddable":true,"href":"https:\/\/webdealta.info\/index.php?rest_route=\/wp\/v2\/users\/2"}],"replies":[{"embeddable":true,"href":"https:\/\/webdealta.info\/index.php?rest_route=%2Fwp%2Fv2%2Fcomments&post=4179"}],"version-history":[{"count":2,"href":"https:\/\/webdealta.info\/index.php?rest_route=\/wp\/v2\/posts\/4179\/revisions"}],"predecessor-version":[{"id":4182,"href":"https:\/\/webdealta.info\/index.php?rest_route=\/wp\/v2\/posts\/4179\/revisions\/4182"}],"wp:featuredmedia":[{"embeddable":true,"href":"https:\/\/webdealta.info\/index.php?rest_route=\/wp\/v2\/media\/4180"}],"wp:attachment":[{"href":"https:\/\/webdealta.info\/index.php?rest_route=%2Fwp%2Fv2%2Fmedia&parent=4179"}],"wp:term":[{"taxonomy":"category","embeddable":true,"href":"https:\/\/webdealta.info\/index.php?rest_route=%2Fwp%2Fv2%2Fcategories&post=4179"},{"taxonomy":"post_tag","embeddable":true,"href":"https:\/\/webdealta.info\/index.php?rest_route=%2Fwp%2Fv2%2Ftags&post=4179"}],"curies":[{"name":"wp","href":"https:\/\/api.w.org\/{rel}","templated":true}]}}