{"id":4141,"date":"2022-01-23T14:35:30","date_gmt":"2022-01-23T18:35:30","guid":{"rendered":"https:\/\/webdealta.info\/?p=4141"},"modified":"2022-01-23T14:35:35","modified_gmt":"2022-01-23T18:35:35","slug":"buenas-acciones-de-la-diaspora-orituquena-que-regresa","status":"publish","type":"post","link":"https:\/\/webdealta.info\/?p=4141","title":{"rendered":"Buenas acciones de la Di\u00e1spora Orituque\u00f1a que regresa"},"content":{"rendered":"\n<p>Amanda Saldivia.-<\/p>\n\n\n\n<p>En el Tricentenario IV de Altagracia de Orituco se celebr\u00f3 este domingo una jornada social impulsada por Delvis Bracamonte, barbero de profesi\u00f3n, que lleg\u00f3 a Venezuela hace una semana proveniente de Santiago de Chile, con la firme idea de trabajar en la poblaci\u00f3n donde naci\u00f3 y al mismo tiempo llevar adelante iniciativas ciudadanas en beneficio de los ni\u00f1os de esa comunidad.<\/p>\n\n\n\n<p>Delvis Bracamonte, @delvisbarber_ como se le conoce en redes sociales, es un joven de 29 a\u00f1os que emigr\u00f3 en 2019 y al ser entrevistado el a\u00f1o pasado en la secci\u00f3n Di\u00e1spora Orituque\u00f1a, espacio producido por la redactora de esta nota, dijo que ten\u00eda planes de regresar en enero de 2022 para trabajar en acciones de tipo social y de formaci\u00f3n.<\/p>\n\n\n\n<p>Explic\u00f3 que la intenci\u00f3n es fundar una academia de barber\u00eda para compartir el conocimiento adquirido con j\u00f3venes gracitanos que deseen formarse e instalar un sitio propio para trabajar, el cual le permita estar cerca de su familia, una de las principales a\u00f1oranzas que le toc\u00f3 sentir como emigrante venezolano.<\/p>\n\n\n\n<p>Este domingo 23 de enero cumpli\u00f3 la primera actividad prometida y con la colaboraci\u00f3n de comerciantes, familiares, vecinos y el apoyo de otros barberos, atendi\u00f3 a m\u00e1s de 100 ni\u00f1os y adolescentes con corte gratuito.<\/p>\n\n\n\n<p>Adicionalmente hubo m\u00fasica, recreaci\u00f3n con brinca brinca y una enorme olla de sopa para obsequiar a los presentes en la jornada.<\/p>\n\n\n\n<p>Este medio de comunicaci\u00f3n social resalta la actividad desarrollada, por formar parte de las iniciativas ciudadanas que caracterizan a esta regi\u00f3n guarique\u00f1a.<\/p>\n\n\n\n<p>Felicitaciones a Delvis Bracamonte y al resto de los barberos Carlos Barber, Alexander Bracamonte, Jonathan Gavidea y Angel Barber. &nbsp;<\/p>\n\n\n\n<p>@amandasaldivia<\/p>\n\n\n\n<p><\/p>\n","protected":false},"excerpt":{"rendered":"<p>Amanda Saldivia.- En el Tricentenario IV de Altagracia de Orituco se celebr\u00f3 este domingo una jornada social impulsada por Delvis Bracamonte, barbero de profesi\u00f3n, que lleg\u00f3 a Venezuela hace una semana proveniente de Santiago de Chile, con la firme idea de trabajar en la poblaci\u00f3n donde naci\u00f3 y al mismo<\/p>\n","protected":false},"author":2,"featured_media":4142,"comment_status":"open","ping_status":"open","sticky":false,"template":"","format":"standard","meta":{"advanced_seo_description":"","jetpack_seo_html_title":"","jetpack_seo_noindex":false,"_jetpack_memberships_contains_paid_content":false,"footnotes":"","jetpack_publicize_message":"","jetpack_publicize_feature_enabled":true,"jetpack_social_post_already_shared":true,"jetpack_social_options":{"image_generator_settings":{"template":"highway","enabled":false},"version":2}},"categories":[50],"tags":[8,32],"class_list":["post-4141","post","type-post","status-publish","format-standard","has-post-thumbnail","hentry","category-iniciativas-ciudadanas","tag-altagraciadeorituco","tag-webdealta",""],"jetpack_publicize_connections":[],"jetpack_featured_media_url":"https:\/\/webdealta.info\/wp-content\/uploads\/2022\/01\/barberos-webdealta.png","jetpack_sharing_enabled":true,"jetpack_likes_enabled":true,"jetpack-related-posts":[],"jetpack_shortlink":"https:\/\/wp.me\/pcseDn-14N","_links":{"self":[{"href":"https:\/\/webdealta.info\/index.php?rest_route=\/wp\/v2\/posts\/4141","targetHints":{"allow":["GET"]}}],"collection":[{"href":"https:\/\/webdealta.info\/index.php?rest_route=\/wp\/v2\/posts"}],"about":[{"href":"https:\/\/webdealta.info\/index.php?rest_route=\/wp\/v2\/types\/post"}],"author":[{"embeddable":true,"href":"https:\/\/webdealta.info\/index.php?rest_route=\/wp\/v2\/users\/2"}],"replies":[{"embeddable":true,"href":"https:\/\/webdealta.info\/index.php?rest_route=%2Fwp%2Fv2%2Fcomments&post=4141"}],"version-history":[{"count":1,"href":"https:\/\/webdealta.info\/index.php?rest_route=\/wp\/v2\/posts\/4141\/revisions"}],"predecessor-version":[{"id":4143,"href":"https:\/\/webdealta.info\/index.php?rest_route=\/wp\/v2\/posts\/4141\/revisions\/4143"}],"wp:featuredmedia":[{"embeddable":true,"href":"https:\/\/webdealta.info\/index.php?rest_route=\/wp\/v2\/media\/4142"}],"wp:attachment":[{"href":"https:\/\/webdealta.info\/index.php?rest_route=%2Fwp%2Fv2%2Fmedia&parent=4141"}],"wp:term":[{"taxonomy":"category","embeddable":true,"href":"https:\/\/webdealta.info\/index.php?rest_route=%2Fwp%2Fv2%2Fcategories&post=4141"},{"taxonomy":"post_tag","embeddable":true,"href":"https:\/\/webdealta.info\/index.php?rest_route=%2Fwp%2Fv2%2Ftags&post=4141"}],"curies":[{"name":"wp","href":"https:\/\/api.w.org\/{rel}","templated":true}]}}