{"id":4129,"date":"2022-01-20T20:47:16","date_gmt":"2022-01-21T00:47:16","guid":{"rendered":"https:\/\/webdealta.info\/?p=4129"},"modified":"2022-01-20T20:47:18","modified_gmt":"2022-01-21T00:47:18","slug":"lista-directiva-de-carnavales-del-orituco-2022","status":"publish","type":"post","link":"https:\/\/webdealta.info\/?p=4129","title":{"rendered":"Lista directiva de Carnavales del Orituco 2022"},"content":{"rendered":"\n<p>Amanda Saldivia.-<\/p>\n\n\n\n<p>Con la juramentaci\u00f3n de la Junta de Carnaval 2022, se avanz\u00f3 en la organizaci\u00f3n de esta tradici\u00f3n de Altagracia de Orituco, lo que permitir\u00e1 dar paso a la inscripci\u00f3n de las candidatas y sectores que desfilar\u00e1n en las festividades que ser\u00e1 desde el s\u00e1bado 26 de febrero hasta el martes primero de marzo.<\/p>\n\n\n\n<p>En actividad celebrada en la alcald\u00eda del municipio Monagas, en la tarde de este jueves 20 de enero, el alcalde Pedro Sol\u00f3rzano jurament\u00f3 a la directiva y resalt\u00f3 la importancia de la festividad por ser parte de las tradiciones y del realce que debe hacerse desde el punto de vista tur\u00edstico de esta regi\u00f3n.<\/p>\n\n\n\n<p>Por su parte, Radames Gonz\u00e1lez, coordinador de Reinas, dijo que este viernes 21 de enero comenzar\u00e1 el proceso de inscripci\u00f3n de los sectores y sus candidatas, esta \u00faltimas con un perfil definido y cuyas edades oscilen entre los 16 y los 22 a\u00f1os. <\/p>\n\n\n\n<p>Los interesados debe dirigirse este viernes 21, a partir de las 10:00 am, a la sede de la alcald\u00eda del sector La Playera.<\/p>\n\n\n\n<p>La junta directiva qued\u00f3 conformada de la siguiente manera:<\/p>\n\n\n\n<p>Coordinaci\u00f3n general y organizaci\u00f3n:<\/p>\n\n\n\n<ul class=\"wp-block-list\"><li>Reina Sifontes<\/li><li>Alicia De Pinho.<\/li><li>Jos\u00e9 Gregorio Pulido<\/li><\/ul>\n\n\n\n<p>Coordinaci\u00f3n de Finanzas:<\/p>\n\n\n\n<ul class=\"wp-block-list\"><li>Wilman Infante<\/li><li>Jos\u00e9 Antonio Marrero<\/li><\/ul>\n\n\n\n<p>Coordinaci\u00f3n de Reinas:<\/p>\n\n\n\n<ul class=\"wp-block-list\"><li>Radam\u00e9s Gonz\u00e1lez<\/li><li>Carlos Pimentel<\/li><\/ul>\n\n\n\n<p>Coordinaci\u00f3n de Carrozas, comparsas y desfile:<\/p>\n\n\n\n<ul class=\"wp-block-list\"><li>Rub\u00e9n Dario Mota<\/li><li>Karelis Mota<\/li><\/ul>\n\n\n\n<p>Coordinaci\u00f3n de Eventos:<\/p>\n\n\n\n<ul class=\"wp-block-list\"><li>Ronnis Bandres<\/li><li>Ram\u00f3n Aponte<\/li><li>Julio C\u00e9sar Pulido<\/li><\/ul>\n\n\n\n<p>Coordinaci\u00f3n de Seguridad y Salud:<\/p>\n\n\n\n<ul class=\"wp-block-list\"><li>Miguel Mora<\/li><li>Miguel Garc\u00eda<\/li><li>Dulce Meza<\/li><li>Margarito Quintana<\/li><\/ul>\n\n\n\n<p>Coordinaci\u00f3n de Prensa y Publicidad:<\/p>\n\n\n\n<ul class=\"wp-block-list\"><li>Anacory De Nobrega<\/li><li>H\u00e9ctor Castillo<\/li><\/ul>\n\n\n\n<p>Coordinaci\u00f3n de Educaci\u00f3n, Cultura y Deporte:<\/p>\n\n\n\n<ul class=\"wp-block-list\"><li>Susana Sayegh<\/li><li>Ronald Rever\u00f3n<\/li><\/ul>\n\n\n\n<p>Coordinaci\u00f3n de Protocolo y Log\u00edstica:<\/p>\n\n\n\n<ul class=\"wp-block-list\"><li>Eulidices Garc\u00eda<\/li><li>Jacher Jabana<\/li><li>George Tabban<\/li><li>Rub\u00e9n Padr\u00f3n<\/li><\/ul>\n","protected":false},"excerpt":{"rendered":"<p>Amanda Saldivia.- Con la juramentaci\u00f3n de la Junta de Carnaval 2022, se avanz\u00f3 en la organizaci\u00f3n de esta tradici\u00f3n de Altagracia de Orituco, lo que permitir\u00e1 dar paso a la inscripci\u00f3n de las candidatas y sectores que desfilar\u00e1n en las festividades que ser\u00e1 desde el s\u00e1bado 26 de febrero hasta<\/p>\n","protected":false},"author":2,"featured_media":4130,"comment_status":"open","ping_status":"open","sticky":false,"template":"","format":"standard","meta":{"advanced_seo_description":"","jetpack_seo_html_title":"","jetpack_seo_noindex":false,"_jetpack_memberships_contains_paid_content":false,"footnotes":"","jetpack_publicize_message":"","jetpack_publicize_feature_enabled":true,"jetpack_social_post_already_shared":true,"jetpack_social_options":{"image_generator_settings":{"template":"highway","enabled":false},"version":2}},"categories":[260],"tags":[8,7,32],"class_list":["post-4129","post","type-post","status-publish","format-standard","has-post-thumbnail","hentry","category-tradiciones","tag-altagraciadeorituco","tag-guarico","tag-webdealta",""],"jetpack_publicize_connections":[],"jetpack_featured_media_url":"https:\/\/webdealta.info\/wp-content\/uploads\/2022\/01\/carnaval-webdealta.png","jetpack_sharing_enabled":true,"jetpack_likes_enabled":true,"jetpack-related-posts":[],"jetpack_shortlink":"https:\/\/wp.me\/pcseDn-14B","_links":{"self":[{"href":"https:\/\/webdealta.info\/index.php?rest_route=\/wp\/v2\/posts\/4129","targetHints":{"allow":["GET"]}}],"collection":[{"href":"https:\/\/webdealta.info\/index.php?rest_route=\/wp\/v2\/posts"}],"about":[{"href":"https:\/\/webdealta.info\/index.php?rest_route=\/wp\/v2\/types\/post"}],"author":[{"embeddable":true,"href":"https:\/\/webdealta.info\/index.php?rest_route=\/wp\/v2\/users\/2"}],"replies":[{"embeddable":true,"href":"https:\/\/webdealta.info\/index.php?rest_route=%2Fwp%2Fv2%2Fcomments&post=4129"}],"version-history":[{"count":1,"href":"https:\/\/webdealta.info\/index.php?rest_route=\/wp\/v2\/posts\/4129\/revisions"}],"predecessor-version":[{"id":4131,"href":"https:\/\/webdealta.info\/index.php?rest_route=\/wp\/v2\/posts\/4129\/revisions\/4131"}],"wp:featuredmedia":[{"embeddable":true,"href":"https:\/\/webdealta.info\/index.php?rest_route=\/wp\/v2\/media\/4130"}],"wp:attachment":[{"href":"https:\/\/webdealta.info\/index.php?rest_route=%2Fwp%2Fv2%2Fmedia&parent=4129"}],"wp:term":[{"taxonomy":"category","embeddable":true,"href":"https:\/\/webdealta.info\/index.php?rest_route=%2Fwp%2Fv2%2Fcategories&post=4129"},{"taxonomy":"post_tag","embeddable":true,"href":"https:\/\/webdealta.info\/index.php?rest_route=%2Fwp%2Fv2%2Ftags&post=4129"}],"curies":[{"name":"wp","href":"https:\/\/api.w.org\/{rel}","templated":true}]}}