{"id":4124,"date":"2022-01-19T15:24:08","date_gmt":"2022-01-19T19:24:08","guid":{"rendered":"https:\/\/webdealta.info\/?p=4124"},"modified":"2022-01-19T15:24:11","modified_gmt":"2022-01-19T19:24:11","slug":"vacunate-conoce-en-que-escuela-esta-la-jornada","status":"publish","type":"post","link":"https:\/\/webdealta.info\/?p=4124","title":{"rendered":"Vac\u00fanate: conoce en qu\u00e9 escuela est\u00e1 la jornada"},"content":{"rendered":"\n<p>Amanda Saldivia.-<\/p>\n\n\n\n<p>La Coordinaci\u00f3n del \u00c1rea de Salud Integral Comunitaria (ASIC) y la Red Educativa Circuital del municipio Monagas, establecieron un cronograma de visita a las instituciones educativas, a los fines de facilitar el proceso de vacunaci\u00f3n dirigido a los estudiantes que ya se han incorporado a las clases presenciales.<\/p>\n\n\n\n<p>La Dra. Susana Sayegh, coordinadora de la Red Circuital, comparti\u00f3 el cronograma acordado y qu\u00e9 equipo de salud es el responsable de llevar adelante la jornada de vacunaci\u00f3n contra el covid-19, en cada escuela de esta regi\u00f3n guarique\u00f1a, durante la semana en curso.<\/p>\n\n\n\n<p>El cronograma es el siguiente:<\/p>\n\n\n\n<ul class=\"wp-block-list\"><li>Mi\u00e9rcoles 19\/01\/22: E.B Dr. Benito Guti\u00e9rrez, Escuela B\u00e1sica Jos\u00e9 Tadeo Monagas, E.B Jos\u00e9 Ram\u00f3n Camejo, U.E Ram\u00f3n Buenahora, E.B Rub\u00e9n Hurtado, E.B La Cuman\u00e1, E.B Abelardo M\u00e9ndez, E.B Dr. Pedro Mar\u00eda Ar\u00e9valo.<\/li><li>Jueves 20\/01\/22: Preescolar Altagracia, U.E Jos\u00e9 Ram\u00f3n Camejo, U.E Ram\u00f3n Buenahora, Preescolar La Cuman\u00e1, E.B.B Ezequiel Zamora.<\/li><li>Viernes 21\/01\/22 E.B Jos\u00e9 Ram\u00f3n Camejo, U.E Ram\u00f3n Buenahora.<\/li><li>Programaci\u00f3n sujeta a cambios.<\/li><\/ul>\n\n\n\n<p>Responsables:<\/p>\n\n\n\n<p>ASIC Dr. Ricardo Isidro Bernal Ramos, municipio Jos\u00e9 Tadeo Monagas. Abordaje de las Instituciones Educativas en conjunto con Coordinador del ASIC, Epidemiolog\u00eda Municipal, Coordinaci\u00f3n PAI Municipal, Coordinaci\u00f3n de Enfermer\u00eda, Coordinaci\u00f3n Municipal Escolar\u00a0 y Coordinaci\u00f3n Promoci\u00f3n Social.<\/p>\n\n\n\n<p>@amandasaldivia <\/p>\n\n\n\n<p><\/p>\n\n\n\n<p><\/p>\n","protected":false},"excerpt":{"rendered":"<p>Amanda Saldivia.- La Coordinaci\u00f3n del \u00c1rea de Salud Integral Comunitaria (ASIC) y la Red Educativa Circuital del municipio Monagas, establecieron un cronograma de visita a las instituciones educativas, a los fines de facilitar el proceso de vacunaci\u00f3n dirigido a los estudiantes que ya se han incorporado a las clases presenciales.<\/p>\n","protected":false},"author":2,"featured_media":4125,"comment_status":"open","ping_status":"open","sticky":false,"template":"","format":"standard","meta":{"advanced_seo_description":"","jetpack_seo_html_title":"","jetpack_seo_noindex":false,"_jetpack_memberships_contains_paid_content":false,"footnotes":"","jetpack_publicize_message":"","jetpack_publicize_feature_enabled":true,"jetpack_social_post_already_shared":true,"jetpack_social_options":{"image_generator_settings":{"template":"highway","enabled":false},"version":2}},"categories":[195],"tags":[8,7,32],"class_list":["post-4124","post","type-post","status-publish","format-standard","has-post-thumbnail","hentry","category-covid-19","tag-altagraciadeorituco","tag-guarico","tag-webdealta",""],"jetpack_publicize_connections":[],"jetpack_featured_media_url":"https:\/\/webdealta.info\/wp-content\/uploads\/2022\/01\/vacunas-webdealta-1.png","jetpack_sharing_enabled":true,"jetpack_likes_enabled":true,"jetpack-related-posts":[],"jetpack_shortlink":"https:\/\/wp.me\/pcseDn-14w","_links":{"self":[{"href":"https:\/\/webdealta.info\/index.php?rest_route=\/wp\/v2\/posts\/4124","targetHints":{"allow":["GET"]}}],"collection":[{"href":"https:\/\/webdealta.info\/index.php?rest_route=\/wp\/v2\/posts"}],"about":[{"href":"https:\/\/webdealta.info\/index.php?rest_route=\/wp\/v2\/types\/post"}],"author":[{"embeddable":true,"href":"https:\/\/webdealta.info\/index.php?rest_route=\/wp\/v2\/users\/2"}],"replies":[{"embeddable":true,"href":"https:\/\/webdealta.info\/index.php?rest_route=%2Fwp%2Fv2%2Fcomments&post=4124"}],"version-history":[{"count":1,"href":"https:\/\/webdealta.info\/index.php?rest_route=\/wp\/v2\/posts\/4124\/revisions"}],"predecessor-version":[{"id":4126,"href":"https:\/\/webdealta.info\/index.php?rest_route=\/wp\/v2\/posts\/4124\/revisions\/4126"}],"wp:featuredmedia":[{"embeddable":true,"href":"https:\/\/webdealta.info\/index.php?rest_route=\/wp\/v2\/media\/4125"}],"wp:attachment":[{"href":"https:\/\/webdealta.info\/index.php?rest_route=%2Fwp%2Fv2%2Fmedia&parent=4124"}],"wp:term":[{"taxonomy":"category","embeddable":true,"href":"https:\/\/webdealta.info\/index.php?rest_route=%2Fwp%2Fv2%2Fcategories&post=4124"},{"taxonomy":"post_tag","embeddable":true,"href":"https:\/\/webdealta.info\/index.php?rest_route=%2Fwp%2Fv2%2Ftags&post=4124"}],"curies":[{"name":"wp","href":"https:\/\/api.w.org\/{rel}","templated":true}]}}