{"id":4111,"date":"2022-01-17T23:07:54","date_gmt":"2022-01-18T03:07:54","guid":{"rendered":"https:\/\/webdealta.info\/?p=4111"},"modified":"2022-01-17T23:07:57","modified_gmt":"2022-01-18T03:07:57","slug":"alcalde-anunciara-plan-de-gobierno-y-tren-ejecutivo-el-19-01","status":"publish","type":"post","link":"https:\/\/webdealta.info\/?p=4111","title":{"rendered":"Alcalde anunciar\u00e1 plan de gobierno y tren ejecutivo el 19\/01"},"content":{"rendered":"\n<p>Amanda Saldivia.-<\/p>\n\n\n\n<p>El alcalde Pedro Sol\u00f3rzano fue enf\u00e1tico al anunciar que s\u00ed tiene un plan de gobierno y que lo dar\u00e1 a conocer el pr\u00f3ximo mi\u00e9rcoles 19 de enero, junto a los nombres del tren ejecutivo municipal, luego de realizar los ajustes en la estructura organizativa de la alcald\u00eda del municipio Monagas y revisar el perfil de quienes lo acompa\u00f1ar\u00e1n en la gesti\u00f3n.<\/p>\n\n\n\n<p>As\u00ed lo expres\u00f3 en el programa Tiempo de Cambios de este lunes 17 de enero, el cual es conducido por la redactora de esta nota y transmitido por la emisora Activa 104.9 FM de Altagracia de Orituco, donde el mandatario local estuvo acompa\u00f1ado por Wilman Infante, Director de Hacienda Municipal.<\/p>\n\n\n\n<p>Durante el desarrollo del programa radial se abordaron distintos temas de inter\u00e9s, con \u00e9nfasis en el plan dirigido a los servicios p\u00fablicos, principalmente agua potable y aseo urbano, los cuales son los m\u00e1s demandados por los habitantes del municipio Monagas.<\/p>\n\n\n\n<p>En referencia al aseo urbano, adelant\u00f3 que establecer\u00e1n alianzas con una empresa privada a los fines de mejorar la recolecci\u00f3n de los desechos s\u00f3lidos y generar ingresos con la clasificaci\u00f3n de \u00e9stos, adem\u00e1s de viabilizar el cobro del servicio.<\/p>\n\n\n\n<p>Respecto al suministro de agua potable, precis\u00f3 que tiene el levantamiento total de la situaci\u00f3n del sistema de potabilizaci\u00f3n y distribuci\u00f3n, lo que le permitir\u00e1 trabajar en cada uno de esos aspectos, entre ellos la instalaci\u00f3n de los dos motores que requiere la toma flotante del embalse Guanapito, correcci\u00f3n de fugas en la planta de tratamiento Chapaiguana y en las redes de distribuci\u00f3n.<\/p>\n\n\n\n<p>Al explicar que tan detallado est\u00e1 el levantamiento de las debilidades del sistema de agua potable en Altagracia, el alcalde Pedro Sol\u00f3rzano indic\u00f3 que en Guaiquer\u00edes, por ejemplo, hay 100 botes de aguas blancas, desde peque\u00f1as fugas hasta las de mayor magnitud e incluso tomas ilegales.<\/p>\n\n\n\n<p>Otro de los temas abordados durante la entrevista, fue la entrada en vigencia de la ordenanza de Actividades Econ\u00f3micas, punto que considera importante debido a la necesidad de recaudar los impuestos de manera eficiente para invertirlos en obras de beneficio colectivo.<\/p>\n\n\n\n<p>El alcalde Pedro Sol\u00f3rzano, se\u00f1al\u00f3 que se reuni\u00f3 con los comerciantes y que lo har\u00e1 las veces que sea necesario para que se entienda que deben regularizar la actividad econ\u00f3mica que desarrollen.<\/p>\n\n\n\n<p>Ser\u00e1 el pr\u00f3ximo mi\u00e9rcoles 19 de enero, a las 2:00 pm, cuando se realice la rueda de prensa donde se explicar\u00e1 en detalles el plan y se oficializar\u00e1 el nombramiento de los integrantes del tren ejecutivo municipal.<\/p>\n\n\n\n<p>@amandasaldivia<\/p>\n\n\n\n<p><\/p>\n","protected":false},"excerpt":{"rendered":"<p>Amanda Saldivia.- El alcalde Pedro Sol\u00f3rzano fue enf\u00e1tico al anunciar que s\u00ed tiene un plan de gobierno y que lo dar\u00e1 a conocer el pr\u00f3ximo mi\u00e9rcoles 19 de enero, junto a los nombres del tren ejecutivo municipal, luego de realizar los ajustes en la estructura organizativa de la alcald\u00eda del<\/p>\n","protected":false},"author":2,"featured_media":4112,"comment_status":"open","ping_status":"open","sticky":false,"template":"","format":"standard","meta":{"advanced_seo_description":"","jetpack_seo_html_title":"","jetpack_seo_noindex":false,"_jetpack_memberships_contains_paid_content":false,"footnotes":"","jetpack_publicize_message":"","jetpack_publicize_feature_enabled":true,"jetpack_social_post_already_shared":true,"jetpack_social_options":{"image_generator_settings":{"template":"highway","enabled":false},"version":2}},"categories":[15],"tags":[8,7,32],"class_list":["post-4111","post","type-post","status-publish","format-standard","has-post-thumbnail","hentry","category-municipalidad","tag-altagraciadeorituco","tag-guarico","tag-webdealta",""],"jetpack_publicize_connections":[],"jetpack_featured_media_url":"https:\/\/webdealta.info\/wp-content\/uploads\/2022\/01\/alcalde-webdealta-radio.png","jetpack_sharing_enabled":true,"jetpack_likes_enabled":true,"jetpack-related-posts":[],"jetpack_shortlink":"https:\/\/wp.me\/pcseDn-14j","_links":{"self":[{"href":"https:\/\/webdealta.info\/index.php?rest_route=\/wp\/v2\/posts\/4111","targetHints":{"allow":["GET"]}}],"collection":[{"href":"https:\/\/webdealta.info\/index.php?rest_route=\/wp\/v2\/posts"}],"about":[{"href":"https:\/\/webdealta.info\/index.php?rest_route=\/wp\/v2\/types\/post"}],"author":[{"embeddable":true,"href":"https:\/\/webdealta.info\/index.php?rest_route=\/wp\/v2\/users\/2"}],"replies":[{"embeddable":true,"href":"https:\/\/webdealta.info\/index.php?rest_route=%2Fwp%2Fv2%2Fcomments&post=4111"}],"version-history":[{"count":1,"href":"https:\/\/webdealta.info\/index.php?rest_route=\/wp\/v2\/posts\/4111\/revisions"}],"predecessor-version":[{"id":4113,"href":"https:\/\/webdealta.info\/index.php?rest_route=\/wp\/v2\/posts\/4111\/revisions\/4113"}],"wp:featuredmedia":[{"embeddable":true,"href":"https:\/\/webdealta.info\/index.php?rest_route=\/wp\/v2\/media\/4112"}],"wp:attachment":[{"href":"https:\/\/webdealta.info\/index.php?rest_route=%2Fwp%2Fv2%2Fmedia&parent=4111"}],"wp:term":[{"taxonomy":"category","embeddable":true,"href":"https:\/\/webdealta.info\/index.php?rest_route=%2Fwp%2Fv2%2Fcategories&post=4111"},{"taxonomy":"post_tag","embeddable":true,"href":"https:\/\/webdealta.info\/index.php?rest_route=%2Fwp%2Fv2%2Ftags&post=4111"}],"curies":[{"name":"wp","href":"https:\/\/api.w.org\/{rel}","templated":true}]}}