{"id":4104,"date":"2022-01-16T11:02:05","date_gmt":"2022-01-16T15:02:05","guid":{"rendered":"https:\/\/webdealta.info\/?p=4104"},"modified":"2022-01-16T11:02:07","modified_gmt":"2022-01-16T15:02:07","slug":"anuncios-en-100-dias-se-veran-cambios-en-el-terminal","status":"publish","type":"post","link":"https:\/\/webdealta.info\/?p=4104","title":{"rendered":"Anuncios: en 100 d\u00edas se ver\u00e1n cambios en el terminal"},"content":{"rendered":"\n<p>Amanda Saldivia.-<\/p>\n\n\n\n<p>El terminal de pasajeros de Altagracia de Orituco, es uno de los tantos sinsabores de esta poblaci\u00f3n guarique\u00f1a, por ser muestra de c\u00f3mo una inversi\u00f3n millonaria se dej\u00f3 perder sin que las autoridades frenaran el proceso de destrucci\u00f3n que comenz\u00f3 en el a\u00f1o 2014, cuando apenas faltaba un cinco por ciento para culminar la obra y permitieron que fuera desvalijada.<\/p>\n\n\n\n<p>Este s\u00e1bado 15 de enero, el alcalde Pedro Sol\u00f3rzano invit\u00f3 a la concejala Andreina Zerpa y a la redactora de esta nota, para que lo acompa\u00f1\u00e1ramos en el recorrido que hizo por lo que queda de esas instalaciones, las cuales inspeccion\u00f3 junto a Freddy Al\u00ed, ex alcalde de Zaraza y directivo del PSUV; Ram\u00f3n Magallanes, diputado a la Asamblea Nacional y Julio Silvera, presidente del Concejo Municipal, entre otros funcionarios.<\/p>\n\n\n\n<p>En el lugar se evidenci\u00f3 el proceso de limpieza que se inici\u00f3 semanas atr\u00e1s y el alcalde Pedro Sol\u00f3rzano anunci\u00f3 que en un plazo de 100 d\u00edas se ver\u00edan los primeros cambios, que incluir\u00e1n la colocaci\u00f3n de bloques, para luego dar paso a la instalaci\u00f3n del techo.<\/p>\n\n\n\n<p>Al preguntarle sobre el tiempo previsto para que entre en funcionamiento, dijo que aspira que sea este mismo a\u00f1o por la importancia que tiene recuperar esta obra y ponerla al servicio de los usuarios, quienes merecen instalaciones adecuadas para acceder al transporte colectivo de las distintas rutas.<\/p>\n\n\n\n<p>En medio de la conversaci\u00f3n, se abord\u00f3 el tema del parque ferial, el cual est\u00e1 ubicado al lado del terminal de pasajeros y fue invadido a\u00f1os atr\u00e1s. Respecto a este punto, el alcalde Pedro Sol\u00f3rzano se\u00f1al\u00f3 que est\u00e1n en proceso de conversaci\u00f3n con las familias para reubicarlas y proceder con la recuperaci\u00f3n de esas instalaciones.<\/p>\n\n\n\n<p>@amandasaldivia<\/p>\n\n\n\n<p><\/p>\n","protected":false},"excerpt":{"rendered":"<p>Amanda Saldivia.- El terminal de pasajeros de Altagracia de Orituco, es uno de los tantos sinsabores de esta poblaci\u00f3n guarique\u00f1a, por ser muestra de c\u00f3mo una inversi\u00f3n millonaria se dej\u00f3 perder sin que las autoridades frenaran el proceso de destrucci\u00f3n que comenz\u00f3 en el a\u00f1o 2014, cuando apenas faltaba un<\/p>\n","protected":false},"author":2,"featured_media":4105,"comment_status":"open","ping_status":"open","sticky":false,"template":"","format":"standard","meta":{"advanced_seo_description":"","jetpack_seo_html_title":"","jetpack_seo_noindex":false,"_jetpack_memberships_contains_paid_content":false,"footnotes":"","jetpack_publicize_message":"","jetpack_publicize_feature_enabled":true,"jetpack_social_post_already_shared":true,"jetpack_social_options":{"image_generator_settings":{"template":"highway","enabled":false},"version":2}},"categories":[15],"tags":[8,7,32],"class_list":["post-4104","post","type-post","status-publish","format-standard","has-post-thumbnail","hentry","category-municipalidad","tag-altagraciadeorituco","tag-guarico","tag-webdealta",""],"jetpack_publicize_connections":[],"jetpack_featured_media_url":"https:\/\/webdealta.info\/wp-content\/uploads\/2022\/01\/alcalde-terminal-webdealta.png","jetpack_sharing_enabled":true,"jetpack_likes_enabled":true,"jetpack-related-posts":[],"jetpack_shortlink":"https:\/\/wp.me\/pcseDn-14c","_links":{"self":[{"href":"https:\/\/webdealta.info\/index.php?rest_route=\/wp\/v2\/posts\/4104","targetHints":{"allow":["GET"]}}],"collection":[{"href":"https:\/\/webdealta.info\/index.php?rest_route=\/wp\/v2\/posts"}],"about":[{"href":"https:\/\/webdealta.info\/index.php?rest_route=\/wp\/v2\/types\/post"}],"author":[{"embeddable":true,"href":"https:\/\/webdealta.info\/index.php?rest_route=\/wp\/v2\/users\/2"}],"replies":[{"embeddable":true,"href":"https:\/\/webdealta.info\/index.php?rest_route=%2Fwp%2Fv2%2Fcomments&post=4104"}],"version-history":[{"count":1,"href":"https:\/\/webdealta.info\/index.php?rest_route=\/wp\/v2\/posts\/4104\/revisions"}],"predecessor-version":[{"id":4106,"href":"https:\/\/webdealta.info\/index.php?rest_route=\/wp\/v2\/posts\/4104\/revisions\/4106"}],"wp:featuredmedia":[{"embeddable":true,"href":"https:\/\/webdealta.info\/index.php?rest_route=\/wp\/v2\/media\/4105"}],"wp:attachment":[{"href":"https:\/\/webdealta.info\/index.php?rest_route=%2Fwp%2Fv2%2Fmedia&parent=4104"}],"wp:term":[{"taxonomy":"category","embeddable":true,"href":"https:\/\/webdealta.info\/index.php?rest_route=%2Fwp%2Fv2%2Fcategories&post=4104"},{"taxonomy":"post_tag","embeddable":true,"href":"https:\/\/webdealta.info\/index.php?rest_route=%2Fwp%2Fv2%2Ftags&post=4104"}],"curies":[{"name":"wp","href":"https:\/\/api.w.org\/{rel}","templated":true}]}}