{"id":4095,"date":"2022-01-15T18:42:49","date_gmt":"2022-01-15T22:42:49","guid":{"rendered":"https:\/\/webdealta.info\/?p=4095"},"modified":"2022-01-15T18:42:52","modified_gmt":"2022-01-15T22:42:52","slug":"concejo-municipal-el-lunes-definiran-comisiones","status":"publish","type":"post","link":"https:\/\/webdealta.info\/?p=4095","title":{"rendered":"Concejo Municipal: el lunes definir\u00e1n comisiones"},"content":{"rendered":"\n<p>Amanda Saldivia.-<\/p>\n\n\n\n<p>Ser\u00e1 el pr\u00f3ximo lunes 17 de enero cuando se conozca quienes integrar\u00e1n las distintas comisiones del Concejo Municipal, luego de que fuera ratificada el pasado viernes la directiva del ente legislativo del municipio Monagas para el per\u00edodo 2021-2022, en acto celebrado en la plaza Bol\u00edvar de Altagracia de Orituco.<\/p>\n\n\n\n<p>En declaraciones ofrecidas por el concejal Julio Silvera, quien fue ratificado como presidente, se\u00f1al\u00f3 que el pr\u00f3ximo lunes los siete concejales se reunir\u00e1n en la sede del Concejo Municipal para acordar la conformaci\u00f3n de las comisiones, para lo cual se tomar\u00e1n en consideraci\u00f3n \u201clas habilidades, la experiencia que tenga cada uno de los ediles\u2026y se somete a consideraci\u00f3n para la aprobaci\u00f3n\u201d.<\/p>\n\n\n\n<p>Sobre el d\u00eda para celebrar las sesiones ordinarias, dijo que ese ser\u00e1 otro de los temas a definir en la reuni\u00f3n de mesa e igualmente se dar\u00e1 a conocer pr\u00f3ximamente cu\u00e1l ser\u00e1 la agenda parlamentaria de este a\u00f1o 2022.<\/p>\n\n\n\n<p>La instalaci\u00f3n de la junta directiva cont\u00f3 con la presencia del alcalde del municipio Jos\u00e9 Tadeo Monagas Pedro Sol\u00f3rzano, Fredy Ali G\u00f3mez, secretario del PSUV regional, adem\u00e1s de los diputados a la Asamblea Nacional Ram\u00f3n Magallanes y Reina Sifontes, entre otros invitados especiales.<\/p>\n\n\n\n<p>Fueron ratificados en los cargos, Julio Silvera, presidente, Mayerlin Quevedo, vicepresidenta y Sheila Hern\u00e1ndez, secretaria.<\/p>\n\n\n\n<p>@amandasaldivia<\/p>\n\n\n\n<p><\/p>\n","protected":false},"excerpt":{"rendered":"<p>Amanda Saldivia.- Ser\u00e1 el pr\u00f3ximo lunes 17 de enero cuando se conozca quienes integrar\u00e1n las distintas comisiones del Concejo Municipal, luego de que fuera ratificada el pasado viernes la directiva del ente legislativo del municipio Monagas para el per\u00edodo 2021-2022, en acto celebrado en la plaza Bol\u00edvar de Altagracia de<\/p>\n","protected":false},"author":2,"featured_media":4096,"comment_status":"open","ping_status":"open","sticky":false,"template":"","format":"standard","meta":{"advanced_seo_description":"","jetpack_seo_html_title":"","jetpack_seo_noindex":false,"_jetpack_memberships_contains_paid_content":false,"footnotes":"","jetpack_publicize_message":"","jetpack_publicize_feature_enabled":true,"jetpack_social_post_already_shared":true,"jetpack_social_options":{"image_generator_settings":{"template":"highway","enabled":false},"version":2}},"categories":[15],"tags":[8,7,32],"class_list":["post-4095","post","type-post","status-publish","format-standard","has-post-thumbnail","hentry","category-municipalidad","tag-altagraciadeorituco","tag-guarico","tag-webdealta",""],"jetpack_publicize_connections":[],"jetpack_featured_media_url":"https:\/\/webdealta.info\/wp-content\/uploads\/2022\/01\/julio-silvera-webdealta.jpg","jetpack_sharing_enabled":true,"jetpack_likes_enabled":true,"jetpack-related-posts":[],"jetpack_shortlink":"https:\/\/wp.me\/pcseDn-143","_links":{"self":[{"href":"https:\/\/webdealta.info\/index.php?rest_route=\/wp\/v2\/posts\/4095","targetHints":{"allow":["GET"]}}],"collection":[{"href":"https:\/\/webdealta.info\/index.php?rest_route=\/wp\/v2\/posts"}],"about":[{"href":"https:\/\/webdealta.info\/index.php?rest_route=\/wp\/v2\/types\/post"}],"author":[{"embeddable":true,"href":"https:\/\/webdealta.info\/index.php?rest_route=\/wp\/v2\/users\/2"}],"replies":[{"embeddable":true,"href":"https:\/\/webdealta.info\/index.php?rest_route=%2Fwp%2Fv2%2Fcomments&post=4095"}],"version-history":[{"count":1,"href":"https:\/\/webdealta.info\/index.php?rest_route=\/wp\/v2\/posts\/4095\/revisions"}],"predecessor-version":[{"id":4097,"href":"https:\/\/webdealta.info\/index.php?rest_route=\/wp\/v2\/posts\/4095\/revisions\/4097"}],"wp:featuredmedia":[{"embeddable":true,"href":"https:\/\/webdealta.info\/index.php?rest_route=\/wp\/v2\/media\/4096"}],"wp:attachment":[{"href":"https:\/\/webdealta.info\/index.php?rest_route=%2Fwp%2Fv2%2Fmedia&parent=4095"}],"wp:term":[{"taxonomy":"category","embeddable":true,"href":"https:\/\/webdealta.info\/index.php?rest_route=%2Fwp%2Fv2%2Fcategories&post=4095"},{"taxonomy":"post_tag","embeddable":true,"href":"https:\/\/webdealta.info\/index.php?rest_route=%2Fwp%2Fv2%2Ftags&post=4095"}],"curies":[{"name":"wp","href":"https:\/\/api.w.org\/{rel}","templated":true}]}}