{"id":409,"date":"2020-10-21T15:23:45","date_gmt":"2020-10-21T19:23:45","guid":{"rendered":"https:\/\/webdealta.info\/?p=409"},"modified":"2020-10-26T16:28:27","modified_gmt":"2020-10-26T20:28:27","slug":"educadores-21102020","status":"publish","type":"post","link":"https:\/\/webdealta.info\/?p=409","title":{"rendered":"Educadores activos y jubilados exigen salarios justos"},"content":{"rendered":"\n<p><a href=\"https:\/\/www.amandasaldivia.com\" target=\"_blank\" rel=\"noreferrer noopener\">Amanda Saldivia<\/a><\/p>\n\n\n\n<p>Para los educadores activos y jubilados hay suficientes razones para protestar, porque en los \u00faltimos a\u00f1os han visto como merman sus ingresos, al punto de que el abono de n\u00f3mina quincenal que reciben del Ministerio de Educaci\u00f3n no alcanza para comprar los alimentos de un d\u00eda.<\/p>\n\n\n\n<p>Como parte de las acciones en reclamo de salarios justos, se reunieron este mi\u00e9rcoles 21 de octubre en la calle Ilustres Pr\u00f3ceres con Hurtado Ascanio de Altagracia de Orituco, y con pancartas en mano dejaron constancia de los reclamos laborales, as\u00ed como tambi\u00e9n del deterioro de los servicios p\u00fablicos, los cuales complican a\u00fan m\u00e1s la situaci\u00f3n que atraviesan.<\/p>\n\n\n\n<p>Entre los testimonios est\u00e1 el expresado por Dinorah Mart\u00ednez, docente jubilada con 30 a\u00f1os de servicio, quien se\u00f1al\u00f3 que \u00abya el sueldo que tenemos es un sueldo de miseria, de hambre, que no alcanza ni siquiera para subsistir, para comprar un medicamento, para comprar una harina, un cart\u00f3n de huevos o un kilo de queso, aqu\u00ed estamos por un reclamo justo de nuestros salario, de nuestra dignidad como seres humanos\u201d.<\/p>\n\n\n\n<p>Tambi\u00e9n Yulitzabeth Zerpa, docente con 13 a\u00f1os de servicio, quien labora en San Francisco de Macaira, cont\u00f3 que la quincena no le alcanza para dos d\u00edas de pasaje desde Altagracia hasta esa poblaci\u00f3n del municipio Monagas, mucho menos para mantener a sus tres hijos, raz\u00f3n por la cual decidi\u00f3 asistir a la convocatoria del gremios educativo.<\/p>\n\n\n\n<p><a href=\"https:\/\/twitter.com\/@amandasaldivia\" target=\"_blank\" rel=\"noreferrer noopener\">@amandasaldivia<\/a><\/p>\n","protected":false},"excerpt":{"rendered":"<p>Amanda Saldivia Para los educadores activos y jubilados hay suficientes razones para protestar, porque en los \u00faltimos a\u00f1os han visto como merman sus ingresos, al punto de que el abono de n\u00f3mina quincenal que reciben del Ministerio de Educaci\u00f3n no alcanza para comprar los alimentos de un d\u00eda. Como parte<\/p>\n","protected":false},"author":2,"featured_media":0,"comment_status":"open","ping_status":"open","sticky":false,"template":"","format":"standard","meta":{"advanced_seo_description":"","jetpack_seo_html_title":"","jetpack_seo_noindex":false,"_jetpack_memberships_contains_paid_content":false,"footnotes":"","jetpack_publicize_message":"","jetpack_publicize_feature_enabled":true,"jetpack_social_post_already_shared":true,"jetpack_social_options":{"image_generator_settings":{"template":"highway","enabled":false},"version":2}},"categories":[14],"tags":[28],"class_list":["post-409","post","type-post","status-publish","format-standard","hentry","category-protesta","tag-protestas",""],"jetpack_publicize_connections":[],"jetpack_featured_media_url":"","jetpack_sharing_enabled":true,"jetpack_likes_enabled":true,"jetpack-related-posts":[],"jetpack_shortlink":"https:\/\/wp.me\/pcseDn-6B","_links":{"self":[{"href":"https:\/\/webdealta.info\/index.php?rest_route=\/wp\/v2\/posts\/409","targetHints":{"allow":["GET"]}}],"collection":[{"href":"https:\/\/webdealta.info\/index.php?rest_route=\/wp\/v2\/posts"}],"about":[{"href":"https:\/\/webdealta.info\/index.php?rest_route=\/wp\/v2\/types\/post"}],"author":[{"embeddable":true,"href":"https:\/\/webdealta.info\/index.php?rest_route=\/wp\/v2\/users\/2"}],"replies":[{"embeddable":true,"href":"https:\/\/webdealta.info\/index.php?rest_route=%2Fwp%2Fv2%2Fcomments&post=409"}],"version-history":[{"count":2,"href":"https:\/\/webdealta.info\/index.php?rest_route=\/wp\/v2\/posts\/409\/revisions"}],"predecessor-version":[{"id":413,"href":"https:\/\/webdealta.info\/index.php?rest_route=\/wp\/v2\/posts\/409\/revisions\/413"}],"wp:attachment":[{"href":"https:\/\/webdealta.info\/index.php?rest_route=%2Fwp%2Fv2%2Fmedia&parent=409"}],"wp:term":[{"taxonomy":"category","embeddable":true,"href":"https:\/\/webdealta.info\/index.php?rest_route=%2Fwp%2Fv2%2Fcategories&post=409"},{"taxonomy":"post_tag","embeddable":true,"href":"https:\/\/webdealta.info\/index.php?rest_route=%2Fwp%2Fv2%2Ftags&post=409"}],"curies":[{"name":"wp","href":"https:\/\/api.w.org\/{rel}","templated":true}]}}