{"id":4086,"date":"2022-01-12T17:26:29","date_gmt":"2022-01-12T21:26:29","guid":{"rendered":"https:\/\/webdealta.info\/?p=4086"},"modified":"2022-01-12T17:26:36","modified_gmt":"2022-01-12T21:26:36","slug":"nace-comedor-la-casa-de-todos","status":"publish","type":"post","link":"https:\/\/webdealta.info\/?p=4086","title":{"rendered":"Nace comedor La Casa de Todos"},"content":{"rendered":"\n<h4 class=\"wp-block-heading\">* M\u00e1s de 3 mil comidas mensuales, una luz de esperanza para los m\u00e1s necesitados.<\/h4>\n\n\n\n<p>El a\u00f1o 2022 trajo una luz de esperanza para la poblaci\u00f3n m\u00e1s vulnerable de la parroquia de San Rafael de Orituco, ubicada en el municipio Jos\u00e9 Tadeo Monagas del estado Gu\u00e1rico, con la apertura del Comedor Comunitario La Casa de Todos.<\/p>\n\n\n\n<p>Con el apoyo log\u00edstico y financiero de la Asociaci\u00f3n Civil Acci\u00f3n Campesina, ONG asociada a la red de organizaciones que conforman el Grupo Social CESAP, 150 participantes y al menos 10 voluntarios, recibir\u00e1n una raci\u00f3n de almuerzo diario, para paliar sus necesidades nutricionales.<\/p>\n\n\n\n<p>Tras acondicionar el local donde funciona temporalmente La Casa de Todos, ubicar al personal, realizar un censo para seleccionar a los participantes y recibir los primeros insumos, este martes 11 de enero, inici\u00f3 operaciones el comedor bajo los principios de humanidad, neutralidad, solidaridad, independencia operativa e imparcialidad.<\/p>\n\n\n\n<p>\u201cEl Comedor Comunitario La Casa de Todos busca brindar apoyo a familias en situaci\u00f3n de necesidad extrema, con la finalidad de elevar la calidad de vida de los participantes que viven en vulnerabilidad, para juntos construir un pa\u00eds con m\u00e1s y mejores oportunidades\u201d, as\u00ed lo se\u00f1al\u00f3 la Lic. Auroly Gonz\u00e1lez, Coordinadora Nacional del Proyecto Seguridad Alimentaria que impulsa Acci\u00f3n Campesina.<\/p>\n\n\n\n<p>Este programa est\u00e1 dirigido a una poblaci\u00f3n de ni\u00f1os y ni\u00f1as y adolescentes de 6 meses a 12 a\u00f1os de edad, mujeres en gestaci\u00f3n y lactantes, personas con alguna discapacidad y adultos mayores, proporcionando alimentos nutritivos de calidad y en cantidades suficientes.<\/p>\n\n\n\n<p><strong>Una apuesta a la inclusi\u00f3n y a la participaci\u00f3n social<\/strong><\/p>\n\n\n\n<p>\u201cEl respeto a la dignidad humana &nbsp;es fundamental en nuestro comedor, el buen trato, la empat\u00eda y el amor son los ingredientes principales con los que se prepara el men\u00fa que reciben nuestros participantes\u201d, asegur\u00f3 Mar\u00eda Margarita D\u2019Suse, Coordinadora de Acci\u00f3n Campesina Gu\u00e1rico.<\/p>\n\n\n\n<p>Un personal altamente calificado y perteneciente a la misma comunidad, es el encargado de preparar y entregar los m\u00e1s de 3mil almuerzos mensuales que ofrece La Casa de Todos.<\/p>\n\n\n\n<p>Valeria Romero de Garc\u00eda, Cocinera, Israel Ram\u00edrez, Cocinero, Carmen Salas, Asistente de cocina, Ana Arismendi, monitora y una decena de voluntarios hacen posible esta magia de transformar prote\u00ednas, v\u00edveres y vegetales en raciones &nbsp;de amor y esperanza que permitir\u00e1n que los asistentes puedan ir superando, poco a poco, las consecuencias de la crisis compleja que afecta al pa\u00eds.<\/p>\n\n\n\n<p>\u201cEste proyecto me parece magn\u00edfico, buen\u00edsimo, porque ayuda a muchas personas y con ese amor con que lo est\u00e1n haciendo, que es lo importante, con amor, me encanta mucho y es \u00fatil para el pueblo y para nosotros tambi\u00e9n\u201d, expres\u00f3 la participante Idalia Gota de Santana, quien ofreci\u00f3 sus servicios como voluntaria en gratitud por el apoyo nutricional y amoroso que recibe de Acci\u00f3n Campesina y de la Casa de Todos.<\/p>\n\n\n\n<p>\u201cYo puedo coletear, ayudar en la cocina, a limpiar un poco, a servir la comida o hasta hacerlos re\u00edr un rato. En lo que pueda yo quiero colaborar, estoy feliz con esta actividad que ustedes est\u00e1n haciendo\u201d, reiter\u00f3 la se\u00f1ora Idalia.\u00a0<\/p>\n\n\n\n<p>Prensa Acci\u00f3n Campesina<\/p>\n\n\n\n<p><\/p>\n\n\n\n<p><\/p>\n","protected":false},"excerpt":{"rendered":"<p>* M\u00e1s de 3 mil comidas mensuales, una luz de esperanza para los m\u00e1s necesitados. El a\u00f1o 2022 trajo una luz de esperanza para la poblaci\u00f3n m\u00e1s vulnerable de la parroquia de San Rafael de Orituco, ubicada en el municipio Jos\u00e9 Tadeo Monagas del estado Gu\u00e1rico, con la apertura del<\/p>\n","protected":false},"author":2,"featured_media":4087,"comment_status":"open","ping_status":"open","sticky":false,"template":"","format":"standard","meta":{"advanced_seo_description":"","jetpack_seo_html_title":"","jetpack_seo_noindex":false,"_jetpack_memberships_contains_paid_content":false,"footnotes":"","jetpack_publicize_message":"","jetpack_publicize_feature_enabled":true,"jetpack_social_post_already_shared":true,"jetpack_social_options":{"image_generator_settings":{"template":"highway","enabled":false},"version":2}},"categories":[39],"tags":[8,7,32],"class_list":["post-4086","post","type-post","status-publish","format-standard","has-post-thumbnail","hentry","category-accion-campesina","tag-altagraciadeorituco","tag-guarico","tag-webdealta",""],"jetpack_publicize_connections":[],"jetpack_featured_media_url":"https:\/\/webdealta.info\/wp-content\/uploads\/2022\/01\/foto-comerdor-accion-campesina-webdealta.jpeg","jetpack_sharing_enabled":true,"jetpack_likes_enabled":true,"jetpack-related-posts":[],"jetpack_shortlink":"https:\/\/wp.me\/pcseDn-13U","_links":{"self":[{"href":"https:\/\/webdealta.info\/index.php?rest_route=\/wp\/v2\/posts\/4086","targetHints":{"allow":["GET"]}}],"collection":[{"href":"https:\/\/webdealta.info\/index.php?rest_route=\/wp\/v2\/posts"}],"about":[{"href":"https:\/\/webdealta.info\/index.php?rest_route=\/wp\/v2\/types\/post"}],"author":[{"embeddable":true,"href":"https:\/\/webdealta.info\/index.php?rest_route=\/wp\/v2\/users\/2"}],"replies":[{"embeddable":true,"href":"https:\/\/webdealta.info\/index.php?rest_route=%2Fwp%2Fv2%2Fcomments&post=4086"}],"version-history":[{"count":1,"href":"https:\/\/webdealta.info\/index.php?rest_route=\/wp\/v2\/posts\/4086\/revisions"}],"predecessor-version":[{"id":4088,"href":"https:\/\/webdealta.info\/index.php?rest_route=\/wp\/v2\/posts\/4086\/revisions\/4088"}],"wp:featuredmedia":[{"embeddable":true,"href":"https:\/\/webdealta.info\/index.php?rest_route=\/wp\/v2\/media\/4087"}],"wp:attachment":[{"href":"https:\/\/webdealta.info\/index.php?rest_route=%2Fwp%2Fv2%2Fmedia&parent=4086"}],"wp:term":[{"taxonomy":"category","embeddable":true,"href":"https:\/\/webdealta.info\/index.php?rest_route=%2Fwp%2Fv2%2Fcategories&post=4086"},{"taxonomy":"post_tag","embeddable":true,"href":"https:\/\/webdealta.info\/index.php?rest_route=%2Fwp%2Fv2%2Ftags&post=4086"}],"curies":[{"name":"wp","href":"https:\/\/api.w.org\/{rel}","templated":true}]}}