{"id":4074,"date":"2022-01-10T22:52:48","date_gmt":"2022-01-11T02:52:48","guid":{"rendered":"https:\/\/webdealta.info\/?p=4074"},"modified":"2022-01-10T22:52:50","modified_gmt":"2022-01-11T02:52:50","slug":"sigue-la-inmunizacion-contra-el-covid-19","status":"publish","type":"post","link":"https:\/\/webdealta.info\/?p=4074","title":{"rendered":"Sigue la inmunizaci\u00f3n contra el covid-19"},"content":{"rendered":"\n<p>Amanda Saldivia.-<\/p>\n\n\n\n<p>El licenciado Margarito Quintana, coordinador del \u00c1rea de Salud Integral Comunitaria (ASIC), que corresponde al municipio Monagas, Gu\u00e1rico, inform\u00f3 que este lunes 10 de enero comenz\u00f3 el ciclo de vacunaci\u00f3n para los mayores de 60 a\u00f1os que tengan seis meses de haber recibido la segunda dosis de inmunizaci\u00f3n contra el covid-19.<\/p>\n\n\n\n<p>Al reiterar el llamado a la poblaci\u00f3n, el licenciado Quintana precis\u00f3 que el personal de salud est\u00e1 en \u201ctodos los consultorios populares del municipio, en el CDI y en el hospital Dr. Jos\u00e9 Francisco Torrealba con el Plan de Refuerzo\u201d, as\u00ed como tambi\u00e9n con la primera y la segunda dosis.<\/p>\n\n\n\n<p>\u201cCon el retorno a clases abordaremos a la comunidad estudiantil en liceos y escuelas, previa planificaci\u00f3n con los directores de esos planteles\u201d, dijo el licenciado Quintana para finalizar.<\/p>\n\n\n\n<p>@amandasaldivia<\/p>\n\n\n\n<p>foto: cortes\u00eda<\/p>\n\n\n\n<p><\/p>\n\n\n\n<p><\/p>\n","protected":false},"excerpt":{"rendered":"<p>Amanda Saldivia.- El licenciado Margarito Quintana, coordinador del \u00c1rea de Salud Integral Comunitaria (ASIC), que corresponde al municipio Monagas, Gu\u00e1rico, inform\u00f3 que este lunes 10 de enero comenz\u00f3 el ciclo de vacunaci\u00f3n para los mayores de 60 a\u00f1os que tengan seis meses de haber recibido la segunda dosis de inmunizaci\u00f3n<\/p>\n","protected":false},"author":2,"featured_media":4075,"comment_status":"open","ping_status":"open","sticky":false,"template":"","format":"standard","meta":{"advanced_seo_description":"","jetpack_seo_html_title":"","jetpack_seo_noindex":false,"_jetpack_memberships_contains_paid_content":false,"footnotes":"","jetpack_publicize_message":"","jetpack_publicize_feature_enabled":true,"jetpack_social_post_already_shared":true,"jetpack_social_options":{"image_generator_settings":{"template":"highway","enabled":false},"version":2}},"categories":[195],"tags":[8,7,32],"class_list":["post-4074","post","type-post","status-publish","format-standard","has-post-thumbnail","hentry","category-covid-19","tag-altagraciadeorituco","tag-guarico","tag-webdealta",""],"jetpack_publicize_connections":[],"jetpack_featured_media_url":"https:\/\/webdealta.info\/wp-content\/uploads\/2022\/01\/webdealta-vacunas.png","jetpack_sharing_enabled":true,"jetpack_likes_enabled":true,"jetpack-related-posts":[],"jetpack_shortlink":"https:\/\/wp.me\/pcseDn-13I","_links":{"self":[{"href":"https:\/\/webdealta.info\/index.php?rest_route=\/wp\/v2\/posts\/4074","targetHints":{"allow":["GET"]}}],"collection":[{"href":"https:\/\/webdealta.info\/index.php?rest_route=\/wp\/v2\/posts"}],"about":[{"href":"https:\/\/webdealta.info\/index.php?rest_route=\/wp\/v2\/types\/post"}],"author":[{"embeddable":true,"href":"https:\/\/webdealta.info\/index.php?rest_route=\/wp\/v2\/users\/2"}],"replies":[{"embeddable":true,"href":"https:\/\/webdealta.info\/index.php?rest_route=%2Fwp%2Fv2%2Fcomments&post=4074"}],"version-history":[{"count":1,"href":"https:\/\/webdealta.info\/index.php?rest_route=\/wp\/v2\/posts\/4074\/revisions"}],"predecessor-version":[{"id":4076,"href":"https:\/\/webdealta.info\/index.php?rest_route=\/wp\/v2\/posts\/4074\/revisions\/4076"}],"wp:featuredmedia":[{"embeddable":true,"href":"https:\/\/webdealta.info\/index.php?rest_route=\/wp\/v2\/media\/4075"}],"wp:attachment":[{"href":"https:\/\/webdealta.info\/index.php?rest_route=%2Fwp%2Fv2%2Fmedia&parent=4074"}],"wp:term":[{"taxonomy":"category","embeddable":true,"href":"https:\/\/webdealta.info\/index.php?rest_route=%2Fwp%2Fv2%2Fcategories&post=4074"},{"taxonomy":"post_tag","embeddable":true,"href":"https:\/\/webdealta.info\/index.php?rest_route=%2Fwp%2Fv2%2Ftags&post=4074"}],"curies":[{"name":"wp","href":"https:\/\/api.w.org\/{rel}","templated":true}]}}