{"id":4068,"date":"2022-01-10T00:32:41","date_gmt":"2022-01-10T04:32:41","guid":{"rendered":"https:\/\/webdealta.info\/?p=4068"},"modified":"2022-01-10T00:36:21","modified_gmt":"2022-01-10T04:36:21","slug":"vecinos-evaluan-primer-mes-de-gobierno-de-solorzano","status":"publish","type":"post","link":"https:\/\/webdealta.info\/?p=4068","title":{"rendered":"Vecinos eval\u00faan primer mes de gobierno de Sol\u00f3rzano"},"content":{"rendered":"\n<p>Amanda Saldivia.-<\/p>\n\n\n\n<p>Vecinos de diferentes comunidades del municipio Monagas quieren mejoras en la prestaci\u00f3n de los servicios p\u00fablicos, particularmente agua potable y recolecci\u00f3n de desechos s\u00f3lidos, para poder valorar como positiva la gesti\u00f3n del nuevo mandatario local, datos obtenidos al preguntarles qu\u00e9 evaluaci\u00f3n ten\u00edan del primer mes de gobierno del alcalde Pedro Sol\u00f3rzano, quien asumi\u00f3 el cargo el siete de diciembre de 2021.<\/p>\n\n\n\n<p>Ante la pregunta formulada, los cinco vecinos consultados mencionaron conocer algunas acciones gubernamentales, entre ellas la limpieza de v\u00edas y colocaci\u00f3n de luminarias. Sin embargo, afirmaron que lo importante es que se resuelva la tem\u00e1tica del suministro de agua potable y que el aseo urbano funcione adecuadamente.<\/p>\n\n\n\n<p><strong>Ana Filomena Marmo (Camoruco)<\/strong><\/p>\n\n\n\n<p>Una de las primeras consultadas fue Ana Filomena Marmo, habitante de la vereda 14 de Camoruco, quien permanentemente insta a los gobernantes a buscar soluci\u00f3n al suministro de agua potable, problema que ha reportado durante a\u00f1os.<\/p>\n\n\n\n<p>Al preguntarle sobre la evaluaci\u00f3n que hac\u00eda del primer mes de gobierno del alcalde Pedro Sol\u00f3rzano, respondi\u00f3 sin rodeos que \u201cse oye que anda haciendo cosas en el municipio, pero todav\u00eda su presencia en Camoruco no la hemos sentido en nada, porque el problema del agua contin\u00faa, el problema con el aseo, pasaron fue a finales de diciembre, lo \u00fanico que se ha corregido es el problema del gas, porque est\u00e1 la planta funcionando. Nosotros esperamos que venga a la comunidad, que nos ayude\u201d.<\/p>\n\n\n\n<p><strong>Belen Machado (Tricentenario)<\/strong><\/p>\n\n\n\n<p>Por su parte, Bel\u00e9n Machado, habitante del sector Tricentenario, considera que no se conoce un plan concreto para la soluci\u00f3n a los problemas. A lo que agreg\u00f3 que \u201ctodav\u00eda no tenemos se\u00f1ales de cu\u00e1les son los planes que tiene en su nueva gesti\u00f3n, el aseo urbano no ha mejorado, no veo mejor\u00eda en los apagones de luz, la se\u00f1al de Cantv internet sigue p\u00e9sima, el problema del agua se ha agudizado, no hay plan que le informe a la comunidad, qu\u00e9 van a hacer con los problemas que las aquejan\u201d.<\/p>\n\n\n\n<p>Igualmente, critic\u00f3 que se hagan reuniones solo con las estructuras del partido de gobierno y respecto a ese punto pidi\u00f3 inclusi\u00f3n \u201cno gobernar para un solo sector y a puerta cerrada\u201d.<\/p>\n\n\n\n<p><strong>Leticia Bencomo (San Carlos)<\/strong><\/p>\n\n\n\n<p>Otra de las vecinas consultadas por el equipo de la Web de Altagracia fue Leticia Bencomo, educadora jubilada, habitante del sector San Carlos y ligada al equipo pastoral de la Iglesia Nuestra Se\u00f1ora de Altagracia, quien se\u00f1al\u00f3 que es poco lo que ha podido evidenciar. No obstante, calific\u00f3 como positiva la receptividad del alcalde en cuanto a la celebraci\u00f3n de la misa de aguinaldo, porque la asistencia \u201cfue muy nutrida por los gobernantes, que en los \u00faltimos a\u00f1os ni el alcalde ni los funcionarios asist\u00edan\u201d.<\/p>\n\n\n\n<p>Tambi\u00e9n expres\u00f3, que por el bien de todos los habitantes del municipio Monagas le deseaba \u00e9xito en su gesti\u00f3n y \u201cque cumpla para lo que fue contratado por los votantes\u201d.<\/p>\n\n\n\n<p><strong>Vecina de Paural I (Pidi\u00f3 mantener el nombre en reserva)<\/strong><\/p>\n\n\n\n<p>Sobre la evaluaci\u00f3n del primer mes de gobierno del alcalde Pedro Sol\u00f3rzano, consultamos a una habitante del sector Paural I, quien pidi\u00f3 no suministrar su nombre por pertenecer a la estructura del Clap. Lo primero que mencion\u00f3 ante interrogante, fue que la alcald\u00eda lleva adelante la limpieza de los laterales de la v\u00eda hacia San Rafael de Orituco.<\/p>\n\n\n\n<p>De resto, expres\u00f3 que los problemas no se han superado \u201cque las comunidades siguen carentes de los servicios, la oscuridad reina en las calles del pueblo y de los sectores, las aguas servidas horribles, agua blanca mal, no llega con fuerza, o sea un despelote, el servicio de transporte p\u00fablico ni te digo, no hay control de precios, total no hay gobierno\u201d.<\/p>\n\n\n\n<p><strong>Luis Fern\u00e1ndez (Lezama de Orituco)<\/strong><\/p>\n\n\n\n<p>Por \u00faltimo, expres\u00f3 su punto de vista Luis Fern\u00e1ndez, habitante de Lezama de Orituco, quien adem\u00e1s integra una fundaci\u00f3n que procura mejoras en los servicios p\u00fablicos. Para este lezamense, la gesti\u00f3n en este primer mes no es notoria, solo mencion\u00f3 como positiva la instalaci\u00f3n de bombillos en el sector Bellas Brisas.<\/p>\n\n\n\n<p>Precis\u00f3, que las familias de Lezama est\u00e1n \u201cesperando la reparaci\u00f3n de las aguas servidas, que el aseo urbano llegue a la comunidad, que el servicio de agua llegue completo a algunas partes de los sectores, porque hay personas debe buscar agua en carretilla\u201d.<\/p>\n\n\n\n<p>@amandasaldivia<\/p>\n\n\n\n<p><\/p>\n","protected":false},"excerpt":{"rendered":"<p>Amanda Saldivia.- Vecinos de diferentes comunidades del municipio Monagas quieren mejoras en la prestaci\u00f3n de los servicios p\u00fablicos, particularmente agua potable y recolecci\u00f3n de desechos s\u00f3lidos, para poder valorar como positiva la gesti\u00f3n del nuevo mandatario local, datos obtenidos al preguntarles qu\u00e9 evaluaci\u00f3n ten\u00edan del primer mes de gobierno del<\/p>\n","protected":false},"author":2,"featured_media":4070,"comment_status":"open","ping_status":"open","sticky":false,"template":"","format":"standard","meta":{"advanced_seo_description":"","jetpack_seo_html_title":"","jetpack_seo_noindex":false,"_jetpack_memberships_contains_paid_content":false,"footnotes":"","jetpack_publicize_message":"","jetpack_publicize_feature_enabled":true,"jetpack_social_post_already_shared":true,"jetpack_social_options":{"image_generator_settings":{"template":"highway","enabled":false},"version":2}},"categories":[89],"tags":[8,7,32],"class_list":["post-4068","post","type-post","status-publish","format-standard","has-post-thumbnail","hentry","category-comunidad","tag-altagraciadeorituco","tag-guarico","tag-webdealta",""],"jetpack_publicize_connections":[],"jetpack_featured_media_url":"https:\/\/webdealta.info\/wp-content\/uploads\/2022\/01\/sede-alcaldia-webdealta.png","jetpack_sharing_enabled":true,"jetpack_likes_enabled":true,"jetpack-related-posts":[],"jetpack_shortlink":"https:\/\/wp.me\/pcseDn-13C","_links":{"self":[{"href":"https:\/\/webdealta.info\/index.php?rest_route=\/wp\/v2\/posts\/4068","targetHints":{"allow":["GET"]}}],"collection":[{"href":"https:\/\/webdealta.info\/index.php?rest_route=\/wp\/v2\/posts"}],"about":[{"href":"https:\/\/webdealta.info\/index.php?rest_route=\/wp\/v2\/types\/post"}],"author":[{"embeddable":true,"href":"https:\/\/webdealta.info\/index.php?rest_route=\/wp\/v2\/users\/2"}],"replies":[{"embeddable":true,"href":"https:\/\/webdealta.info\/index.php?rest_route=%2Fwp%2Fv2%2Fcomments&post=4068"}],"version-history":[{"count":2,"href":"https:\/\/webdealta.info\/index.php?rest_route=\/wp\/v2\/posts\/4068\/revisions"}],"predecessor-version":[{"id":4072,"href":"https:\/\/webdealta.info\/index.php?rest_route=\/wp\/v2\/posts\/4068\/revisions\/4072"}],"wp:featuredmedia":[{"embeddable":true,"href":"https:\/\/webdealta.info\/index.php?rest_route=\/wp\/v2\/media\/4070"}],"wp:attachment":[{"href":"https:\/\/webdealta.info\/index.php?rest_route=%2Fwp%2Fv2%2Fmedia&parent=4068"}],"wp:term":[{"taxonomy":"category","embeddable":true,"href":"https:\/\/webdealta.info\/index.php?rest_route=%2Fwp%2Fv2%2Fcategories&post=4068"},{"taxonomy":"post_tag","embeddable":true,"href":"https:\/\/webdealta.info\/index.php?rest_route=%2Fwp%2Fv2%2Ftags&post=4068"}],"curies":[{"name":"wp","href":"https:\/\/api.w.org\/{rel}","templated":true}]}}