{"id":4051,"date":"2022-01-05T21:44:44","date_gmt":"2022-01-06T01:44:44","guid":{"rendered":"https:\/\/webdealta.info\/?p=4051"},"modified":"2022-01-05T21:44:46","modified_gmt":"2022-01-06T01:44:46","slug":"prevencion-ante-un-sistema-de-salud-precario","status":"publish","type":"post","link":"https:\/\/webdealta.info\/?p=4051","title":{"rendered":"Prevenci\u00f3n ante un sistema de salud precario"},"content":{"rendered":"\n<p>Amanda Saldivia.-<\/p>\n\n\n\n<p>La doctora Albanela Morfe, m\u00e9dico pediatra con especializaci\u00f3n en v\u00edas respiratorias, recomend\u00f3 mantener las medidas de prevenci\u00f3n en ni\u00f1os y adultos ante la llegada de la variante \u00f3micron al pa\u00eds y porque se espera un repunte en el n\u00famero de casos de covid-19 a finales del mes de enero.<\/p>\n\n\n\n<p>Al ser consultada por el equipo de la Web de Altagracia en torno a la \u00f3micron u otra variante, se\u00f1al\u00f3 que los \u201cni\u00f1os no escapan de esa realidad, se deben mantener los cuidados, uso de alcohol o gel y distanciamiento social\u201d, a los fines de evitar el contagio.<\/p>\n\n\n\n<p>Agreg\u00f3 que a\u00fan no han llegado al pa\u00eds las pruebas espec\u00edficas de laboratorio para distinguir esta variante, pero dej\u00f3 claro que son las manifestaciones cl\u00ednicas, en el caso de la \u201c\u00f3micron el dolor de cabeza, de garganta y congesti\u00f3n nasal, menos tos que las anteriores y m\u00e1s virulencia\u201d, las determinantes a la hora de diagnosticar.<\/p>\n\n\n\n<p>La doctora Albanela Morfe dijo que la expectativa se mantiene, porque \u201cse espera un repunte a final de mes. Se deben mantener las medidas de bioseguridad, ya que nuestro sistema de salud es precario\u201d.<\/p>\n\n\n\n<p>@amandasaldivia<\/p>\n\n\n\n<p><\/p>\n","protected":false},"excerpt":{"rendered":"<p>Amanda Saldivia.- La doctora Albanela Morfe, m\u00e9dico pediatra con especializaci\u00f3n en v\u00edas respiratorias, recomend\u00f3 mantener las medidas de prevenci\u00f3n en ni\u00f1os y adultos ante la llegada de la variante \u00f3micron al pa\u00eds y porque se espera un repunte en el n\u00famero de casos de covid-19 a finales del mes de<\/p>\n","protected":false},"author":2,"featured_media":4053,"comment_status":"open","ping_status":"open","sticky":false,"template":"","format":"standard","meta":{"advanced_seo_description":"","jetpack_seo_html_title":"","jetpack_seo_noindex":false,"_jetpack_memberships_contains_paid_content":false,"footnotes":"","jetpack_publicize_message":"","jetpack_publicize_feature_enabled":true,"jetpack_social_post_already_shared":true,"jetpack_social_options":{"image_generator_settings":{"template":"highway","enabled":false},"version":2}},"categories":[195],"tags":[8,11,7,32],"class_list":["post-4051","post","type-post","status-publish","format-standard","has-post-thumbnail","hentry","category-covid-19","tag-altagraciadeorituco","tag-covid19","tag-guarico","tag-webdealta",""],"jetpack_publicize_connections":[],"jetpack_featured_media_url":"https:\/\/webdealta.info\/wp-content\/uploads\/2022\/01\/webdealta-albanela-morfe.png","jetpack_sharing_enabled":true,"jetpack_likes_enabled":true,"jetpack-related-posts":[],"jetpack_shortlink":"https:\/\/wp.me\/pcseDn-13l","_links":{"self":[{"href":"https:\/\/webdealta.info\/index.php?rest_route=\/wp\/v2\/posts\/4051","targetHints":{"allow":["GET"]}}],"collection":[{"href":"https:\/\/webdealta.info\/index.php?rest_route=\/wp\/v2\/posts"}],"about":[{"href":"https:\/\/webdealta.info\/index.php?rest_route=\/wp\/v2\/types\/post"}],"author":[{"embeddable":true,"href":"https:\/\/webdealta.info\/index.php?rest_route=\/wp\/v2\/users\/2"}],"replies":[{"embeddable":true,"href":"https:\/\/webdealta.info\/index.php?rest_route=%2Fwp%2Fv2%2Fcomments&post=4051"}],"version-history":[{"count":1,"href":"https:\/\/webdealta.info\/index.php?rest_route=\/wp\/v2\/posts\/4051\/revisions"}],"predecessor-version":[{"id":4054,"href":"https:\/\/webdealta.info\/index.php?rest_route=\/wp\/v2\/posts\/4051\/revisions\/4054"}],"wp:featuredmedia":[{"embeddable":true,"href":"https:\/\/webdealta.info\/index.php?rest_route=\/wp\/v2\/media\/4053"}],"wp:attachment":[{"href":"https:\/\/webdealta.info\/index.php?rest_route=%2Fwp%2Fv2%2Fmedia&parent=4051"}],"wp:term":[{"taxonomy":"category","embeddable":true,"href":"https:\/\/webdealta.info\/index.php?rest_route=%2Fwp%2Fv2%2Fcategories&post=4051"},{"taxonomy":"post_tag","embeddable":true,"href":"https:\/\/webdealta.info\/index.php?rest_route=%2Fwp%2Fv2%2Ftags&post=4051"}],"curies":[{"name":"wp","href":"https:\/\/api.w.org\/{rel}","templated":true}]}}