{"id":4039,"date":"2022-01-03T21:15:46","date_gmt":"2022-01-04T01:15:46","guid":{"rendered":"https:\/\/webdealta.info\/?p=4039"},"modified":"2022-01-03T21:15:49","modified_gmt":"2022-01-04T01:15:49","slug":"ven-negativo-que-se-retome-el-77","status":"publish","type":"post","link":"https:\/\/webdealta.info\/?p=4039","title":{"rendered":"Ven negativo que se retome el 7+7"},"content":{"rendered":"\n<p>Amanda Saldivia.-<\/p>\n\n\n\n<p>Para Pablo Rojas, presidente de la C\u00e1mara de Comercio, Industria y Producci\u00f3n del municipio Monagas, Gu\u00e1rico, una de las mayores preocupaciones es que se retome el esquema 7+7, directriz gubernamental relacionada a la prevenci\u00f3n del covid-19, lo que a su juicio frenar\u00eda los avances leves que experimentaron tras flexibilizarse esta medida, la cual coincidi\u00f3 con una mejora relativa en la distribuci\u00f3n de combustible en Altagracia de Orituco, al menos en las primeras semanas del mes de diciembre pasado.<\/p>\n\n\n\n<p>As\u00ed lo expres\u00f3 al ser consultado sobre la expectativa del gremio para este nuevo a\u00f1o, a lo que agreg\u00f3 que \u201cla llegada del 2022 para muchos es un n\u00famero m\u00e1s en el calendario, deja atr\u00e1s un a\u00f1o con muchas secuelas y una econom\u00eda d\u00e9bil que se hizo acompa\u00f1ar de un mal mayor, el covid-19 que sin ser invitado se esparci\u00f3 por todo el pa\u00eds\u201d.<\/p>\n\n\n\n<p>Puntualiz\u00f3, Pablo Rojas que \u201clas medidas y controles por parte del gobierno hicieron m\u00e1s dif\u00edcil cumplir con nuestras jornadas, en este nuevo a\u00f1o nuestra mayor preocupaci\u00f3n es que se retome el 7+7\u201d, eso en alusi\u00f3n a esta medida que aunque fue negada por voceros gubernamentales el pasado domingo, considera que est\u00e1 latente en virtud de la pandemia.<\/p>\n\n\n\n<p>En referencia al combustible, dijo que espera que contin\u00fae como las primeras semanas de diciembre, porque permiti\u00f3 \u201cmayor fluidez, nos espera un a\u00f1o de retos y desaf\u00edos nada f\u00e1ciles pero ac\u00e1 estamos de pie para dar batalla, mucho depender\u00e1 de la actitud de cada quien para la reapertura econ\u00f3mica en nuestro municipio\u201d.<\/p>\n\n\n\n<p>Para finalizar, agradeci\u00f3 a los miembros de la C\u00e1mara de Comercio y en general al resto de quienes impulsan la econom\u00eda en la regi\u00f3n, por el apoyo a las actividades impulsadas desde ese gremio durante el a\u00f1o 2021, las cuales cree fueron muestra de organizaci\u00f3n y cohesi\u00f3n en pro de un municipio de oportunidades.<\/p>\n\n\n\n<p>@amandasaldivia<\/p>\n\n\n\n<p><\/p>\n","protected":false},"excerpt":{"rendered":"<p>Amanda Saldivia.- Para Pablo Rojas, presidente de la C\u00e1mara de Comercio, Industria y Producci\u00f3n del municipio Monagas, Gu\u00e1rico, una de las mayores preocupaciones es que se retome el esquema 7+7, directriz gubernamental relacionada a la prevenci\u00f3n del covid-19, lo que a su juicio frenar\u00eda los avances leves que experimentaron tras<\/p>\n","protected":false},"author":2,"featured_media":4040,"comment_status":"open","ping_status":"open","sticky":false,"template":"","format":"standard","meta":{"advanced_seo_description":"","jetpack_seo_html_title":"","jetpack_seo_noindex":false,"_jetpack_memberships_contains_paid_content":false,"footnotes":"","jetpack_publicize_message":"","jetpack_publicize_feature_enabled":true,"jetpack_social_post_already_shared":true,"jetpack_social_options":{"image_generator_settings":{"template":"highway","enabled":false},"version":2}},"categories":[298],"tags":[8,7,32],"class_list":["post-4039","post","type-post","status-publish","format-standard","has-post-thumbnail","hentry","category-economia","tag-altagraciadeorituco","tag-guarico","tag-webdealta",""],"jetpack_publicize_connections":[],"jetpack_featured_media_url":"https:\/\/webdealta.info\/wp-content\/uploads\/2022\/01\/camara-de-comercio-webdealta.jpeg","jetpack_sharing_enabled":true,"jetpack_likes_enabled":true,"jetpack-related-posts":[],"jetpack_shortlink":"https:\/\/wp.me\/pcseDn-139","_links":{"self":[{"href":"https:\/\/webdealta.info\/index.php?rest_route=\/wp\/v2\/posts\/4039","targetHints":{"allow":["GET"]}}],"collection":[{"href":"https:\/\/webdealta.info\/index.php?rest_route=\/wp\/v2\/posts"}],"about":[{"href":"https:\/\/webdealta.info\/index.php?rest_route=\/wp\/v2\/types\/post"}],"author":[{"embeddable":true,"href":"https:\/\/webdealta.info\/index.php?rest_route=\/wp\/v2\/users\/2"}],"replies":[{"embeddable":true,"href":"https:\/\/webdealta.info\/index.php?rest_route=%2Fwp%2Fv2%2Fcomments&post=4039"}],"version-history":[{"count":1,"href":"https:\/\/webdealta.info\/index.php?rest_route=\/wp\/v2\/posts\/4039\/revisions"}],"predecessor-version":[{"id":4041,"href":"https:\/\/webdealta.info\/index.php?rest_route=\/wp\/v2\/posts\/4039\/revisions\/4041"}],"wp:featuredmedia":[{"embeddable":true,"href":"https:\/\/webdealta.info\/index.php?rest_route=\/wp\/v2\/media\/4040"}],"wp:attachment":[{"href":"https:\/\/webdealta.info\/index.php?rest_route=%2Fwp%2Fv2%2Fmedia&parent=4039"}],"wp:term":[{"taxonomy":"category","embeddable":true,"href":"https:\/\/webdealta.info\/index.php?rest_route=%2Fwp%2Fv2%2Fcategories&post=4039"},{"taxonomy":"post_tag","embeddable":true,"href":"https:\/\/webdealta.info\/index.php?rest_route=%2Fwp%2Fv2%2Ftags&post=4039"}],"curies":[{"name":"wp","href":"https:\/\/api.w.org\/{rel}","templated":true}]}}