{"id":4025,"date":"2022-01-01T21:58:48","date_gmt":"2022-01-02T01:58:48","guid":{"rendered":"https:\/\/webdealta.info\/?p=4025"},"modified":"2022-01-01T22:00:00","modified_gmt":"2022-01-02T02:00:00","slug":"combaten-primer-incendio-forestal-de-2022","status":"publish","type":"post","link":"https:\/\/webdealta.info\/?p=4025","title":{"rendered":"Combaten primer incendio forestal de 2022"},"content":{"rendered":"\n<p>Amanda Saldivia.-<\/p>\n\n\n\n<p>Funcionarios del Cuerpo de Bomberos Andr\u00e9 Fourneau, combatieron el primer incendio forestal de 2022, ocurrido en la tarde de este primero de enero en el sector Cerro la M\u00e1quina de Altagracia de Orituco, adyacente a las instalaciones del Centro M\u00e9dico.<\/p>\n\n\n\n<p>El reporte compartido por el coronel Denis Dur\u00e1n, comandante del cuerpo bomberil, especifica que una comisi\u00f3n al mando del sargento mayor Jos\u00e9 Toro, se present\u00f3 al lugar con la unidad cisterna a los fines de extinguir las llamas, las cuales aparentemente se produjeron por libre combusti\u00f3n.<\/p>\n\n\n\n<p>Como en oportunidades anteriores la comisi\u00f3n, una vez que aplic\u00f3 t\u00e9cnicas de supresi\u00f3n del incendio, aprovech\u00f3 la oportunidad para dictar medidas preventivas a los residentes de la zona, ya que en ese lugar son frecuentes los incendios forestales, algunos provocados por la acci\u00f3n del hombre.<\/p>\n\n\n\n<p>Altagracia de Orituco se caracteriza por una alta incidencia de incendios forestales al iniciarse la temporada de sequ\u00eda y es preocupaci\u00f3n de la poblaci\u00f3n el impacto que genera en las personas que padecen enfermedades respiratorias, entre ellos asma y alergias, adem\u00e1s de los paciente post covid-19.<\/p>\n\n\n\n<p>@amandasaldivia     <\/p>\n\n\n\n<p>foto: cortes\u00eda<\/p>\n\n\n\n<p><\/p>\n","protected":false},"excerpt":{"rendered":"<p>Amanda Saldivia.- Funcionarios del Cuerpo de Bomberos Andr\u00e9 Fourneau, combatieron el primer incendio forestal de 2022, ocurrido en la tarde de este primero de enero en el sector Cerro la M\u00e1quina de Altagracia de Orituco, adyacente a las instalaciones del Centro M\u00e9dico. El reporte compartido por el coronel Denis Dur\u00e1n,<\/p>\n","protected":false},"author":2,"featured_media":4026,"comment_status":"open","ping_status":"open","sticky":false,"template":"","format":"standard","meta":{"advanced_seo_description":"","jetpack_seo_html_title":"","jetpack_seo_noindex":false,"_jetpack_memberships_contains_paid_content":false,"footnotes":"","jetpack_publicize_message":"","jetpack_publicize_feature_enabled":true,"jetpack_social_post_already_shared":true,"jetpack_social_options":{"image_generator_settings":{"template":"highway","enabled":false},"version":2}},"categories":[282],"tags":[8,7,32],"class_list":["post-4025","post","type-post","status-publish","format-standard","has-post-thumbnail","hentry","category-emergencia","tag-altagraciadeorituco","tag-guarico","tag-webdealta",""],"jetpack_publicize_connections":[],"jetpack_featured_media_url":"https:\/\/webdealta.info\/wp-content\/uploads\/2022\/01\/bomberos-webdealta-2022.jpeg","jetpack_sharing_enabled":true,"jetpack_likes_enabled":true,"jetpack-related-posts":[],"jetpack_shortlink":"https:\/\/wp.me\/pcseDn-12V","_links":{"self":[{"href":"https:\/\/webdealta.info\/index.php?rest_route=\/wp\/v2\/posts\/4025","targetHints":{"allow":["GET"]}}],"collection":[{"href":"https:\/\/webdealta.info\/index.php?rest_route=\/wp\/v2\/posts"}],"about":[{"href":"https:\/\/webdealta.info\/index.php?rest_route=\/wp\/v2\/types\/post"}],"author":[{"embeddable":true,"href":"https:\/\/webdealta.info\/index.php?rest_route=\/wp\/v2\/users\/2"}],"replies":[{"embeddable":true,"href":"https:\/\/webdealta.info\/index.php?rest_route=%2Fwp%2Fv2%2Fcomments&post=4025"}],"version-history":[{"count":2,"href":"https:\/\/webdealta.info\/index.php?rest_route=\/wp\/v2\/posts\/4025\/revisions"}],"predecessor-version":[{"id":4028,"href":"https:\/\/webdealta.info\/index.php?rest_route=\/wp\/v2\/posts\/4025\/revisions\/4028"}],"wp:featuredmedia":[{"embeddable":true,"href":"https:\/\/webdealta.info\/index.php?rest_route=\/wp\/v2\/media\/4026"}],"wp:attachment":[{"href":"https:\/\/webdealta.info\/index.php?rest_route=%2Fwp%2Fv2%2Fmedia&parent=4025"}],"wp:term":[{"taxonomy":"category","embeddable":true,"href":"https:\/\/webdealta.info\/index.php?rest_route=%2Fwp%2Fv2%2Fcategories&post=4025"},{"taxonomy":"post_tag","embeddable":true,"href":"https:\/\/webdealta.info\/index.php?rest_route=%2Fwp%2Fv2%2Ftags&post=4025"}],"curies":[{"name":"wp","href":"https:\/\/api.w.org\/{rel}","templated":true}]}}