{"id":4011,"date":"2021-12-29T17:19:35","date_gmt":"2021-12-29T21:19:35","guid":{"rendered":"https:\/\/webdealta.info\/?p=4011"},"modified":"2021-12-29T17:19:37","modified_gmt":"2021-12-29T21:19:37","slug":"raul-inojosa-retos-de-servicios-publicos-2022","status":"publish","type":"post","link":"https:\/\/webdealta.info\/?p=4011","title":{"rendered":"Ra\u00fal Inojosa: retos de Servicios P\u00fablicos 2022"},"content":{"rendered":"\n<p>Amanda Saldivia.-<\/p>\n\n\n\n<p>Ra\u00fal Inojosa, ex director general de la Alcald\u00eda del municipio Monagas y ahora designado por el alcalde Pedro Sol\u00f3rzano como Director de Servicios P\u00fablicos, espera que en un lapso no mayor a cinco meses puedan dar cambios significativos al suministro de agua potable y a la recolecci\u00f3n de desechos s\u00f3lidos.<\/p>\n\n\n\n<p>Este mi\u00e9rcoles 29 de diciembre, lo consultamos acerca de ambos servicios, en virtud de las quejas recibidas en torno al cronograma de sectorizaci\u00f3n de agua potable y la ruta del aseo urbano en Altagracia de Orituco, en los cuales se nota la impaciencia de los ciudadanos, quienes expresan que no se cumplen de acuerdo a los lapsos anunciados por la alcald\u00eda.<\/p>\n\n\n\n<p>Al respecto dijo, que el reto que tiene la direcci\u00f3n a su cargo, por instrucciones del alcalde Pedro Sol\u00f3rzano, es que en un plazo no superior a cinco meses de gesti\u00f3n \u201cse note que hay unas mejoras considerables en la distribuci\u00f3n de agua potable, ese es el primero reto\u2026adem\u00e1s de las parroquias que dependen de acueductos rurales para que tengan tambi\u00e9n este servicio b\u00e1sico, que nosotros podamos demostrar que con trabajo, que con esfuerzo, con mucho profesionalismo se puede mejorar la distribuci\u00f3n del agua potable en nuestro municipio, con unas inversiones importantes que hay que hacer\u201d.<\/p>\n\n\n\n<p>En este sentido, dijo que al comenzar 2022 van a establecer mesas de trabajo constante \u201ccon el personal de Hidrop\u00e1ez, con personal t\u00e9cnico que conoce la planta que han trabajado aqu\u00ed, con personal de San Juan de los Morros, tenemos reuni\u00f3n en Caracas en el Ministerio del Agua, nuestro alcalde ya toc\u00f3 esa puerta y tenemos una asesor\u00eda t\u00e9cnica\u201d.<\/p>\n\n\n\n<p>Igualmente, precis\u00f3 que aspiran mejorar el caudal de agua que llega a la planta de tratamiento para la potabilizaci\u00f3n, mediante la instalaci\u00f3n del sistema de bombeo de la toma flotante, el cual se har\u00e1 en el mes de enero, lo que \u201cpermitir\u00e1 llegar a mayor n\u00famero de familias\u201d; adem\u00e1s mencion\u00f3 que tiene una programaci\u00f3n para corregir las fugas que hay en las redes de distribuci\u00f3n.<\/p>\n\n\n\n<p>Como segundo reto, el director de Servicios P\u00fablicos, se plante\u00f3 ofrecer el servicio de recolecci\u00f3n de desechos s\u00f3lidos \u201ca mayor cantidad de comunidades en menor cantidad de tiempo\u2026tener un pueblo limpio\u201d, para lo cual considera necesario incorporar m\u00e1s unidades a esa tarea para que los vecinos tengan la certeza de que se cumplir\u00e1n la ruta.<\/p>\n\n\n\n<p>Al preguntarle, por qu\u00e9 a pesar de la incorporaci\u00f3n de otra unidad recolectora, este medio digital ha recibido m\u00e1s quejas, Ra\u00fal Inojosa puntualiz\u00f3 que \u201cexisti\u00f3 un per\u00edodo donde el aseo estaba inconsistente, no estaba cumpliendo y la mayor\u00eda de las comunidades est\u00e1n colapsadas, hay mucha basura, como por ejemplo en Camoruco nos llev\u00f3 cuatro d\u00edas cumplir, en Guaiquer\u00edes estamos ayer y hoy, esas comunidades se llevaban un d\u00eda o un d\u00eda y medio\u201d.<\/p>\n\n\n\n<p>En resumen, el reci\u00e9n designado director de Servicios P\u00fablicos, se mostr\u00f3 confiado en que puedan mejorar el suministro de agua potable y la recolecci\u00f3n de desechos s\u00f3lidos, no solo con la inversi\u00f3n, sino tambi\u00e9n con un constante seguimiento a la gesti\u00f3n, mediante la articulaci\u00f3n con los vecinos.<\/p>\n\n\n\n<p>@amandasaldivia<\/p>\n\n\n\n<p><\/p>\n","protected":false},"excerpt":{"rendered":"<p>Amanda Saldivia.- Ra\u00fal Inojosa, ex director general de la Alcald\u00eda del municipio Monagas y ahora designado por el alcalde Pedro Sol\u00f3rzano como Director de Servicios P\u00fablicos, espera que en un lapso no mayor a cinco meses puedan dar cambios significativos al suministro de agua potable y a la recolecci\u00f3n de<\/p>\n","protected":false},"author":2,"featured_media":4013,"comment_status":"open","ping_status":"open","sticky":false,"template":"","format":"standard","meta":{"advanced_seo_description":"","jetpack_seo_html_title":"","jetpack_seo_noindex":false,"_jetpack_memberships_contains_paid_content":false,"footnotes":"","jetpack_publicize_message":"","jetpack_publicize_feature_enabled":true,"jetpack_social_post_already_shared":true,"jetpack_social_options":{"image_generator_settings":{"template":"highway","enabled":false},"version":2}},"categories":[15],"tags":[8,7,32],"class_list":["post-4011","post","type-post","status-publish","format-standard","has-post-thumbnail","hentry","category-municipalidad","tag-altagraciadeorituco","tag-guarico","tag-webdealta",""],"jetpack_publicize_connections":[],"jetpack_featured_media_url":"https:\/\/webdealta.info\/wp-content\/uploads\/2021\/12\/raul-inojosa-webdealta.jpeg","jetpack_sharing_enabled":true,"jetpack_likes_enabled":true,"jetpack-related-posts":[],"jetpack_shortlink":"https:\/\/wp.me\/pcseDn-12H","_links":{"self":[{"href":"https:\/\/webdealta.info\/index.php?rest_route=\/wp\/v2\/posts\/4011","targetHints":{"allow":["GET"]}}],"collection":[{"href":"https:\/\/webdealta.info\/index.php?rest_route=\/wp\/v2\/posts"}],"about":[{"href":"https:\/\/webdealta.info\/index.php?rest_route=\/wp\/v2\/types\/post"}],"author":[{"embeddable":true,"href":"https:\/\/webdealta.info\/index.php?rest_route=\/wp\/v2\/users\/2"}],"replies":[{"embeddable":true,"href":"https:\/\/webdealta.info\/index.php?rest_route=%2Fwp%2Fv2%2Fcomments&post=4011"}],"version-history":[{"count":1,"href":"https:\/\/webdealta.info\/index.php?rest_route=\/wp\/v2\/posts\/4011\/revisions"}],"predecessor-version":[{"id":4014,"href":"https:\/\/webdealta.info\/index.php?rest_route=\/wp\/v2\/posts\/4011\/revisions\/4014"}],"wp:featuredmedia":[{"embeddable":true,"href":"https:\/\/webdealta.info\/index.php?rest_route=\/wp\/v2\/media\/4013"}],"wp:attachment":[{"href":"https:\/\/webdealta.info\/index.php?rest_route=%2Fwp%2Fv2%2Fmedia&parent=4011"}],"wp:term":[{"taxonomy":"category","embeddable":true,"href":"https:\/\/webdealta.info\/index.php?rest_route=%2Fwp%2Fv2%2Fcategories&post=4011"},{"taxonomy":"post_tag","embeddable":true,"href":"https:\/\/webdealta.info\/index.php?rest_route=%2Fwp%2Fv2%2Ftags&post=4011"}],"curies":[{"name":"wp","href":"https:\/\/api.w.org\/{rel}","templated":true}]}}