{"id":3997,"date":"2021-12-26T21:11:14","date_gmt":"2021-12-27T01:11:14","guid":{"rendered":"https:\/\/webdealta.info\/?p=3997"},"modified":"2021-12-26T21:11:16","modified_gmt":"2021-12-27T01:11:16","slug":"mailyn-sanfiel-ratificada-como-presidenta-de-emcomuna","status":"publish","type":"post","link":"https:\/\/webdealta.info\/?p=3997","title":{"rendered":"Mailyn Sanfiel ratificada como presidenta de Emcomuna"},"content":{"rendered":"\n<p>Amanda Saldivia.-<\/p>\n\n\n\n<p>Mailyn Sanfiel, gracitana, profesora de Actividad F\u00edsica, Salud y Deporte, figura entre los funcionarios recientemente ratificados por el gobernador Jos\u00e9 V\u00e1squez, en su caso como presidenta de Emcomuna Gu\u00e1rico, cargo que ven\u00eda desempe\u00f1ando desde el 2 de septiembre de este mismo a\u00f1o.<\/p>\n\n\n\n<p>Hasta el momento, esta es la \u00fanica gracitana que figura con cargo directivo en el ejecutivo regional guarique\u00f1o, luego de los anuncios realizados por Jos\u00e9 V\u00e1squez el pasado 24 de diciembre, fecha en la cual ratific\u00f3 a funcionarios y design\u00f3 a otros para que asuman la responsabilidad de acompa\u00f1arlo en la gesti\u00f3n, en la cual afirma emplear\u00e1 nuevos m\u00e9todos para hacer gobierno.<\/p>\n\n\n\n<p>En conversaci\u00f3n con Mailyn Sanfiel, en la noche del domingo 26 de diciembre, dijo que el plan de arranque de 2022 contempla tres aspectos; el primero \u201cconversatorio con colectivos de coordinaci\u00f3n comunitaria (voceros de Consejos Comunales), para garantizar el dinamismo entre las vocer\u00edas\u201d, seguido de asambleas informativas sobre los deberes a cumplir en el marco de lo que rige la materia y por \u00faltimo talleres de formaci\u00f3n.<\/p>\n\n\n\n<p>Igualmente, se\u00f1al\u00f3 que \u201ctrabajaremos para y con el poder popular, nuestro sur es trabajar con el pueblo, nuestros consejos comunales y confiamos que el municipio Monagas ser\u00e1 ejemplo en la organizaci\u00f3n, rumbo a los ciudades comunales\u201d, eso al hacer referencia al pueblo de donde es oriunda.<\/p>\n\n\n\n<p>@amandasaldivia<\/p>\n\n\n\n<p>foto: cortes\u00eda<\/p>\n\n\n\n<p><\/p>\n\n\n\n<p><\/p>\n","protected":false},"excerpt":{"rendered":"<p>Amanda Saldivia.- Mailyn Sanfiel, gracitana, profesora de Actividad F\u00edsica, Salud y Deporte, figura entre los funcionarios recientemente ratificados por el gobernador Jos\u00e9 V\u00e1squez, en su caso como presidenta de Emcomuna Gu\u00e1rico, cargo que ven\u00eda desempe\u00f1ando desde el 2 de septiembre de este mismo a\u00f1o. Hasta el momento, esta es la<\/p>\n","protected":false},"author":2,"featured_media":3998,"comment_status":"open","ping_status":"open","sticky":false,"template":"","format":"standard","meta":{"advanced_seo_description":"","jetpack_seo_html_title":"","jetpack_seo_noindex":false,"_jetpack_memberships_contains_paid_content":false,"footnotes":"","jetpack_publicize_message":"","jetpack_publicize_feature_enabled":true,"jetpack_social_post_already_shared":true,"jetpack_social_options":{"image_generator_settings":{"template":"highway","enabled":false},"version":2}},"categories":[284],"tags":[8,7,32],"class_list":["post-3997","post","type-post","status-publish","format-standard","has-post-thumbnail","hentry","category-gobierno-de-guarico","tag-altagraciadeorituco","tag-guarico","tag-webdealta",""],"jetpack_publicize_connections":[],"jetpack_featured_media_url":"https:\/\/webdealta.info\/wp-content\/uploads\/2021\/12\/mailyn-sanfiel-webdealta.jpeg","jetpack_sharing_enabled":true,"jetpack_likes_enabled":true,"jetpack-related-posts":[],"jetpack_shortlink":"https:\/\/wp.me\/pcseDn-12t","_links":{"self":[{"href":"https:\/\/webdealta.info\/index.php?rest_route=\/wp\/v2\/posts\/3997","targetHints":{"allow":["GET"]}}],"collection":[{"href":"https:\/\/webdealta.info\/index.php?rest_route=\/wp\/v2\/posts"}],"about":[{"href":"https:\/\/webdealta.info\/index.php?rest_route=\/wp\/v2\/types\/post"}],"author":[{"embeddable":true,"href":"https:\/\/webdealta.info\/index.php?rest_route=\/wp\/v2\/users\/2"}],"replies":[{"embeddable":true,"href":"https:\/\/webdealta.info\/index.php?rest_route=%2Fwp%2Fv2%2Fcomments&post=3997"}],"version-history":[{"count":1,"href":"https:\/\/webdealta.info\/index.php?rest_route=\/wp\/v2\/posts\/3997\/revisions"}],"predecessor-version":[{"id":3999,"href":"https:\/\/webdealta.info\/index.php?rest_route=\/wp\/v2\/posts\/3997\/revisions\/3999"}],"wp:featuredmedia":[{"embeddable":true,"href":"https:\/\/webdealta.info\/index.php?rest_route=\/wp\/v2\/media\/3998"}],"wp:attachment":[{"href":"https:\/\/webdealta.info\/index.php?rest_route=%2Fwp%2Fv2%2Fmedia&parent=3997"}],"wp:term":[{"taxonomy":"category","embeddable":true,"href":"https:\/\/webdealta.info\/index.php?rest_route=%2Fwp%2Fv2%2Fcategories&post=3997"},{"taxonomy":"post_tag","embeddable":true,"href":"https:\/\/webdealta.info\/index.php?rest_route=%2Fwp%2Fv2%2Ftags&post=3997"}],"curies":[{"name":"wp","href":"https:\/\/api.w.org\/{rel}","templated":true}]}}