{"id":3975,"date":"2021-12-21T17:52:01","date_gmt":"2021-12-21T21:52:01","guid":{"rendered":"https:\/\/webdealta.info\/?p=3975"},"modified":"2021-12-21T17:52:03","modified_gmt":"2021-12-21T21:52:03","slug":"ipare-quema-afecta-salud-de-pobladores","status":"publish","type":"post","link":"https:\/\/webdealta.info\/?p=3975","title":{"rendered":"Ipare: quema afecta salud de pobladores"},"content":{"rendered":"\n<h4 class=\"wp-block-heading\">* Ni el covid-19 hace reflexionar a quienes tienen este mal h\u00e1bito<\/h4>\n\n\n\n<p>Amanda Saldivia.-<\/p>\n\n\n\n<p>Ipare de Orituco es otra de las zonas del municipio Monagas, Gu\u00e1rico, que reporta la quema de maleza y desechos s\u00f3lidos, situaci\u00f3n que compromete la salud, particularmente de aquellos ciudadanos que tienen afecciones respiratorias, entre ellas asma, alergias y pacientes post covid-19.<\/p>\n\n\n\n<p>La denuncia la formul\u00f3 Marianella Gonz\u00e1lez, habitante de ese poblado, quien comparti\u00f3 fotograf\u00edas con la Web de Altagracia, en las cuales se puede apreciar el humo que invadi\u00f3 el sector Centro de Ipare este 21 de diciembre y que proviene de la quema que hay en los alrededores de la planta compresora de gas Altagracia.<\/p>\n\n\n\n<p>\u201cPor este sector donde vivo hay varios adultos mayores en condici\u00f3n de cama que se vieron afectados por el humo que arrop\u00f3 todas la casas\u201d, dijo la denunciante, al tiempo que pidi\u00f3 que cese esta pr\u00e1ctica que es da\u00f1ina para la salud.<\/p>\n\n\n\n<p>Igualmente mencion\u00f3 que ni el covid-19 hace reflexionar a las personas que prenden fuego, no solo para eliminar maleza, sino tambi\u00e9n desechos s\u00f3lidos, sin tomar en consideraci\u00f3n el da\u00f1o que hacen al resto de los ciudadanos de Ipare.<\/p>\n\n\n\n<p>@amandasaldivia<\/p>\n\n\n\n<p><\/p>\n\n\n\n<p><\/p>\n","protected":false},"excerpt":{"rendered":"<p>* Ni el covid-19 hace reflexionar a quienes tienen este mal h\u00e1bito Amanda Saldivia.- Ipare de Orituco es otra de las zonas del municipio Monagas, Gu\u00e1rico, que reporta la quema de maleza y desechos s\u00f3lidos, situaci\u00f3n que compromete la salud, particularmente de aquellos ciudadanos que tienen afecciones respiratorias, entre ellas<\/p>\n","protected":false},"author":2,"featured_media":3976,"comment_status":"open","ping_status":"open","sticky":false,"template":"","format":"standard","meta":{"advanced_seo_description":"","jetpack_seo_html_title":"","jetpack_seo_noindex":false,"_jetpack_memberships_contains_paid_content":false,"footnotes":"","jetpack_publicize_message":"","jetpack_publicize_feature_enabled":true,"jetpack_social_post_already_shared":true,"jetpack_social_options":{"image_generator_settings":{"template":"highway","enabled":false},"version":2}},"categories":[12],"tags":[8,7,32],"class_list":["post-3975","post","type-post","status-publish","format-standard","has-post-thumbnail","hentry","category-salud","tag-altagraciadeorituco","tag-guarico","tag-webdealta",""],"jetpack_publicize_connections":[],"jetpack_featured_media_url":"https:\/\/webdealta.info\/wp-content\/uploads\/2021\/12\/quema-webdealta.jpeg","jetpack_sharing_enabled":true,"jetpack_likes_enabled":true,"jetpack-related-posts":[],"jetpack_shortlink":"https:\/\/wp.me\/pcseDn-127","_links":{"self":[{"href":"https:\/\/webdealta.info\/index.php?rest_route=\/wp\/v2\/posts\/3975","targetHints":{"allow":["GET"]}}],"collection":[{"href":"https:\/\/webdealta.info\/index.php?rest_route=\/wp\/v2\/posts"}],"about":[{"href":"https:\/\/webdealta.info\/index.php?rest_route=\/wp\/v2\/types\/post"}],"author":[{"embeddable":true,"href":"https:\/\/webdealta.info\/index.php?rest_route=\/wp\/v2\/users\/2"}],"replies":[{"embeddable":true,"href":"https:\/\/webdealta.info\/index.php?rest_route=%2Fwp%2Fv2%2Fcomments&post=3975"}],"version-history":[{"count":1,"href":"https:\/\/webdealta.info\/index.php?rest_route=\/wp\/v2\/posts\/3975\/revisions"}],"predecessor-version":[{"id":3977,"href":"https:\/\/webdealta.info\/index.php?rest_route=\/wp\/v2\/posts\/3975\/revisions\/3977"}],"wp:featuredmedia":[{"embeddable":true,"href":"https:\/\/webdealta.info\/index.php?rest_route=\/wp\/v2\/media\/3976"}],"wp:attachment":[{"href":"https:\/\/webdealta.info\/index.php?rest_route=%2Fwp%2Fv2%2Fmedia&parent=3975"}],"wp:term":[{"taxonomy":"category","embeddable":true,"href":"https:\/\/webdealta.info\/index.php?rest_route=%2Fwp%2Fv2%2Fcategories&post=3975"},{"taxonomy":"post_tag","embeddable":true,"href":"https:\/\/webdealta.info\/index.php?rest_route=%2Fwp%2Fv2%2Ftags&post=3975"}],"curies":[{"name":"wp","href":"https:\/\/api.w.org\/{rel}","templated":true}]}}