{"id":3969,"date":"2021-12-20T20:08:05","date_gmt":"2021-12-21T00:08:05","guid":{"rendered":"https:\/\/webdealta.info\/?p=3969"},"modified":"2021-12-21T07:19:40","modified_gmt":"2021-12-21T11:19:40","slug":"incendio-en-tractor-se-extendio-por-potrero-de-la-baticueva-rach","status":"publish","type":"post","link":"https:\/\/webdealta.info\/?p=3969","title":{"rendered":"Incendio en tractor se extendi\u00f3 por potrero de la Baticueva Ranch"},"content":{"rendered":"\n<ul class=\"wp-block-list\"><li>Efectivos bomberiles actuaron para sofocar las llamas<\/li><\/ul>\n\n\n\n<p>Amanda Saldivia.-<\/p>\n\n\n\n<p>La combusti\u00f3n en un veh\u00edculo tipo tractor desat\u00f3 un incendio de vegetaci\u00f3n que consumi\u00f3 parte de un potrero de la hacienda Baticueva Ranch, lo que amerit\u00f3 la intervenci\u00f3n de efectivos del cuerpo de bomberos Andr\u00e9 Fourneau de Altagracia de Orituco, quienes acudieron con la unidad de combate para extinguir la llamas.<\/p>\n\n\n\n<figure class=\"wp-block-image size-large\"><img loading=\"lazy\" decoding=\"async\" width=\"1024\" height=\"546\" src=\"https:\/\/webdealta.info\/wp-content\/uploads\/2021\/12\/bomberos-webdealta-1-1024x546.jpeg\" alt=\"\" class=\"wp-image-3971\" srcset=\"https:\/\/webdealta.info\/wp-content\/uploads\/2021\/12\/bomberos-webdealta-1.jpeg 1024w, https:\/\/webdealta.info\/wp-content\/uploads\/2021\/12\/bomberos-webdealta-1.jpeg 300w, https:\/\/webdealta.info\/wp-content\/uploads\/2021\/12\/bomberos-webdealta-1.jpeg 768w, https:\/\/webdealta.info\/wp-content\/uploads\/2021\/12\/bomberos-webdealta-1.jpeg 1170w, https:\/\/webdealta.info\/wp-content\/uploads\/2021\/12\/bomberos-webdealta-1.jpeg 1500w, https:\/\/webdealta.info\/wp-content\/uploads\/2021\/12\/bomberos-webdealta-1.jpeg 1280w\" sizes=\"auto, (max-width: 640px) 100vw, 640px\" \/><\/figure>\n\n\n\n<p>De acuerdo a la informaci\u00f3n aportada por el coronel Denis Dur\u00e1n, comandante del citado cuerpo bomberil, el suceso se registr\u00f3 pasada la una de la tarde de este lunes 20 de diciembre, cuando se incendi\u00f3 el tractor que estaba realizando el proceso de empaquetado de pacas destinada al alimento del ganado y equinos, lo que gener\u00f3 la p\u00e9rdida total de la unidad y ameritara la actuaci\u00f3n de los bomberos para controlar las llamas, las cuales afortunadamente no alcanzaron otras \u00e1reas, entre ellas las caballerizas.<\/p>\n\n\n\n<p>Report\u00f3 que para el combate del incendi\u00f3 \u00abse utiliz\u00f3 el cami\u00f3n de supresi\u00f3n, asperjadoras y la acci\u00f3n directa de seis efectivos bomberiles\u00bb.<\/p>\n\n\n\n<p>@amandasaldivia<\/p>\n\n\n\n\n\n<p><\/p>\n","protected":false},"excerpt":{"rendered":"<p>Efectivos bomberiles actuaron para sofocar las llamas Amanda Saldivia.- La combusti\u00f3n en un veh\u00edculo tipo tractor desat\u00f3 un incendio de vegetaci\u00f3n que consumi\u00f3 parte de un potrero de la hacienda Baticueva Ranch, lo que amerit\u00f3 la intervenci\u00f3n de efectivos del cuerpo de bomberos Andr\u00e9 Fourneau de Altagracia de Orituco, quienes<\/p>\n","protected":false},"author":2,"featured_media":3970,"comment_status":"open","ping_status":"open","sticky":false,"template":"","format":"standard","meta":{"advanced_seo_description":"","jetpack_seo_html_title":"","jetpack_seo_noindex":false,"_jetpack_memberships_contains_paid_content":false,"footnotes":"","jetpack_publicize_message":"","jetpack_publicize_feature_enabled":true,"jetpack_social_post_already_shared":true,"jetpack_social_options":{"image_generator_settings":{"template":"highway","enabled":false},"version":2}},"categories":[282],"tags":[8,7,32],"class_list":["post-3969","post","type-post","status-publish","format-standard","has-post-thumbnail","hentry","category-emergencia","tag-altagraciadeorituco","tag-guarico","tag-webdealta",""],"jetpack_publicize_connections":[],"jetpack_featured_media_url":"https:\/\/webdealta.info\/wp-content\/uploads\/2021\/12\/photo1640044339.jpeg","jetpack_sharing_enabled":true,"jetpack_likes_enabled":true,"jetpack-related-posts":[],"jetpack_shortlink":"https:\/\/wp.me\/pcseDn-121","_links":{"self":[{"href":"https:\/\/webdealta.info\/index.php?rest_route=\/wp\/v2\/posts\/3969","targetHints":{"allow":["GET"]}}],"collection":[{"href":"https:\/\/webdealta.info\/index.php?rest_route=\/wp\/v2\/posts"}],"about":[{"href":"https:\/\/webdealta.info\/index.php?rest_route=\/wp\/v2\/types\/post"}],"author":[{"embeddable":true,"href":"https:\/\/webdealta.info\/index.php?rest_route=\/wp\/v2\/users\/2"}],"replies":[{"embeddable":true,"href":"https:\/\/webdealta.info\/index.php?rest_route=%2Fwp%2Fv2%2Fcomments&post=3969"}],"version-history":[{"count":2,"href":"https:\/\/webdealta.info\/index.php?rest_route=\/wp\/v2\/posts\/3969\/revisions"}],"predecessor-version":[{"id":3973,"href":"https:\/\/webdealta.info\/index.php?rest_route=\/wp\/v2\/posts\/3969\/revisions\/3973"}],"wp:featuredmedia":[{"embeddable":true,"href":"https:\/\/webdealta.info\/index.php?rest_route=\/wp\/v2\/media\/3970"}],"wp:attachment":[{"href":"https:\/\/webdealta.info\/index.php?rest_route=%2Fwp%2Fv2%2Fmedia&parent=3969"}],"wp:term":[{"taxonomy":"category","embeddable":true,"href":"https:\/\/webdealta.info\/index.php?rest_route=%2Fwp%2Fv2%2Fcategories&post=3969"},{"taxonomy":"post_tag","embeddable":true,"href":"https:\/\/webdealta.info\/index.php?rest_route=%2Fwp%2Fv2%2Ftags&post=3969"}],"curies":[{"name":"wp","href":"https:\/\/api.w.org\/{rel}","templated":true}]}}