{"id":3963,"date":"2021-12-20T14:29:02","date_gmt":"2021-12-20T18:29:02","guid":{"rendered":"https:\/\/webdealta.info\/?p=3963"},"modified":"2021-12-20T14:29:04","modified_gmt":"2021-12-20T18:29:04","slug":"banda-padre-sojo-cumplio-91-anos-de-fundada","status":"publish","type":"post","link":"https:\/\/webdealta.info\/?p=3963","title":{"rendered":"Banda Padre Sojo cumpli\u00f3 91 a\u00f1os de fundada"},"content":{"rendered":"\n<p>Amanda Saldivia.-<\/p>\n\n\n\n<p>Para los gracitanos es de especial significaci\u00f3n que la Banda Padre Sojo retomara, desde el\u00a0 pasado 12 de diciembre, la presentaci\u00f3n de los domingos en la plaza Bol\u00edvar de Altagracia, porque esta tradici\u00f3n forma parte del patrimonio cultural del municipio Jos\u00e9 Tadeo Monagas.<\/p>\n\n\n\n<p>La Banda Padre Sojo fue fundada el 17 de diciembre de 1930, bajo la direcci\u00f3n Jos\u00e9 Calixto Mor\u00edn y en el libro Patrimonio Cultural especifican que destac\u00f3 la participaci\u00f3n de Francisco Ram\u00edrez, Agust\u00edn Isturiz, Ernesto Valladares, Pedro Natalio Ar\u00e9valo, Pedro Ledesma, Gonzalo Corniel, Daniel Reyes y Te\u00f3dulo Jazpe. <\/p>\n\n\n\n<p>El nombre de la banda municipal fue en homenaje al Padre Sojo, sacerdote y m\u00fasico venezolano, que naci\u00f3 en el a\u00f1o 1739 y se le reconoce la creaci\u00f3n de un movimiento que impuls\u00f3 la formaci\u00f3n de nuevos talentos, estimul\u00f3 la composici\u00f3n de piezas y ejecutantes, motivo por el cual es considerado un personaje clave en el \u00e1mbito musical del pa\u00eds.<\/p>\n\n\n\n<p>Felicitaciones a los miembros de la Banda Padre Sojo, porque ellos son el legado de ese insigne m\u00fasico venezolano y de aquellos que desde el a\u00f1o 1930 han formado parte de esta agrupaci\u00f3n que es orgullo de nuestra tierra orituque\u00f1a.<\/p>\n\n\n\n<p>@amandasaldivia<\/p>\n\n\n\n<p><\/p>\n","protected":false},"excerpt":{"rendered":"<p>Amanda Saldivia.- Para los gracitanos es de especial significaci\u00f3n que la Banda Padre Sojo retomara, desde el\u00a0 pasado 12 de diciembre, la presentaci\u00f3n de los domingos en la plaza Bol\u00edvar de Altagracia, porque esta tradici\u00f3n forma parte del patrimonio cultural del municipio Jos\u00e9 Tadeo Monagas. La Banda Padre Sojo fue<\/p>\n","protected":false},"author":2,"featured_media":3964,"comment_status":"open","ping_status":"open","sticky":false,"template":"","format":"standard","meta":{"advanced_seo_description":"","jetpack_seo_html_title":"","jetpack_seo_noindex":false,"_jetpack_memberships_contains_paid_content":false,"footnotes":"","jetpack_publicize_message":"","jetpack_publicize_feature_enabled":true,"jetpack_social_post_already_shared":true,"jetpack_social_options":{"image_generator_settings":{"template":"highway","enabled":false},"version":2}},"categories":[260],"tags":[8,7,32],"class_list":["post-3963","post","type-post","status-publish","format-standard","has-post-thumbnail","hentry","category-tradiciones","tag-altagraciadeorituco","tag-guarico","tag-webdealta",""],"jetpack_publicize_connections":[],"jetpack_featured_media_url":"https:\/\/webdealta.info\/wp-content\/uploads\/2021\/12\/webdealta-banda-padre-Sojo.jpeg","jetpack_sharing_enabled":true,"jetpack_likes_enabled":true,"jetpack-related-posts":[],"jetpack_shortlink":"https:\/\/wp.me\/pcseDn-11V","_links":{"self":[{"href":"https:\/\/webdealta.info\/index.php?rest_route=\/wp\/v2\/posts\/3963","targetHints":{"allow":["GET"]}}],"collection":[{"href":"https:\/\/webdealta.info\/index.php?rest_route=\/wp\/v2\/posts"}],"about":[{"href":"https:\/\/webdealta.info\/index.php?rest_route=\/wp\/v2\/types\/post"}],"author":[{"embeddable":true,"href":"https:\/\/webdealta.info\/index.php?rest_route=\/wp\/v2\/users\/2"}],"replies":[{"embeddable":true,"href":"https:\/\/webdealta.info\/index.php?rest_route=%2Fwp%2Fv2%2Fcomments&post=3963"}],"version-history":[{"count":1,"href":"https:\/\/webdealta.info\/index.php?rest_route=\/wp\/v2\/posts\/3963\/revisions"}],"predecessor-version":[{"id":3965,"href":"https:\/\/webdealta.info\/index.php?rest_route=\/wp\/v2\/posts\/3963\/revisions\/3965"}],"wp:featuredmedia":[{"embeddable":true,"href":"https:\/\/webdealta.info\/index.php?rest_route=\/wp\/v2\/media\/3964"}],"wp:attachment":[{"href":"https:\/\/webdealta.info\/index.php?rest_route=%2Fwp%2Fv2%2Fmedia&parent=3963"}],"wp:term":[{"taxonomy":"category","embeddable":true,"href":"https:\/\/webdealta.info\/index.php?rest_route=%2Fwp%2Fv2%2Fcategories&post=3963"},{"taxonomy":"post_tag","embeddable":true,"href":"https:\/\/webdealta.info\/index.php?rest_route=%2Fwp%2Fv2%2Ftags&post=3963"}],"curies":[{"name":"wp","href":"https:\/\/api.w.org\/{rel}","templated":true}]}}