{"id":3961,"date":"2021-12-16T23:46:12","date_gmt":"2021-12-17T03:46:12","guid":{"rendered":"https:\/\/webdealta.info\/?p=3961"},"modified":"2021-12-16T23:46:13","modified_gmt":"2021-12-17T03:46:13","slug":"altagracia-calle-guarico-sin-agua-desde-hace-15-dias","status":"publish","type":"post","link":"https:\/\/webdealta.info\/?p=3961","title":{"rendered":"Altagracia: calle Gu\u00e1rico sin agua desde hace 15 d\u00edas"},"content":{"rendered":"\n<p>Amanda Saldivia.-<\/p>\n\n\n\n<p>Desde hace 15 d\u00edas las familias que habitan en la calle Gu\u00e1rico de Las Mayitas no tienen suministro de agua potable, situaci\u00f3n que no es nueva en esa zona ni en otras de Altagracia de Orituco, donde el servicio ha desmejorado en los \u00faltimos dos a\u00f1os.<\/p>\n\n\n\n<p>De acuerdo al testimonio de Jos\u00e9 Almea Ochoa, este jueves 16 de diciembre se cumplen 15 d\u00edas que el suministro de agua no llega a las familias que habitan en esa zona y afirm\u00f3 que antes de esa fecha un funcionario de Hidrop\u00e1ez mencion\u00f3 que iba a mejorar el servicio, porque instalar\u00edan una v\u00e1lvula en la calle Monagas.<\/p>\n\n\n\n<p>\u201cHoy se cumplen quince d\u00edas de esa promesa y ni una gota nos llega, puro cuento y no resuelven nada\u201d, dijo Almea en el contacto con la Web de Altagracia, al denunciar la falla de este servicio b\u00e1sico.<\/p>\n\n\n\n<p>@amandasaldivia<\/p>\n\n\n\n<p><\/p>\n","protected":false},"excerpt":{"rendered":"<p>Amanda Saldivia.- Desde hace 15 d\u00edas las familias que habitan en la calle Gu\u00e1rico de Las Mayitas no tienen suministro de agua potable, situaci\u00f3n que no es nueva en esa zona ni en otras de Altagracia de Orituco, donde el servicio ha desmejorado en los \u00faltimos dos a\u00f1os. De acuerdo<\/p>\n","protected":false},"author":2,"featured_media":3733,"comment_status":"open","ping_status":"open","sticky":false,"template":"","format":"standard","meta":{"advanced_seo_description":"","jetpack_seo_html_title":"","jetpack_seo_noindex":false,"_jetpack_memberships_contains_paid_content":false,"footnotes":"","jetpack_publicize_message":"","jetpack_publicize_feature_enabled":true,"jetpack_social_post_already_shared":true,"jetpack_social_options":{"image_generator_settings":{"template":"highway","enabled":false},"version":2}},"categories":[21],"tags":[8,7,141,32],"class_list":["post-3961","post","type-post","status-publish","format-standard","has-post-thumbnail","hentry","category-agua-potable","tag-altagraciadeorituco","tag-guarico","tag-sinagua","tag-webdealta",""],"jetpack_publicize_connections":[],"jetpack_featured_media_url":"https:\/\/webdealta.info\/wp-content\/uploads\/2021\/11\/webdealta-calle-Guarico-1.png","jetpack_sharing_enabled":true,"jetpack_likes_enabled":true,"jetpack-related-posts":[],"jetpack_shortlink":"https:\/\/wp.me\/pcseDn-11T","_links":{"self":[{"href":"https:\/\/webdealta.info\/index.php?rest_route=\/wp\/v2\/posts\/3961","targetHints":{"allow":["GET"]}}],"collection":[{"href":"https:\/\/webdealta.info\/index.php?rest_route=\/wp\/v2\/posts"}],"about":[{"href":"https:\/\/webdealta.info\/index.php?rest_route=\/wp\/v2\/types\/post"}],"author":[{"embeddable":true,"href":"https:\/\/webdealta.info\/index.php?rest_route=\/wp\/v2\/users\/2"}],"replies":[{"embeddable":true,"href":"https:\/\/webdealta.info\/index.php?rest_route=%2Fwp%2Fv2%2Fcomments&post=3961"}],"version-history":[{"count":1,"href":"https:\/\/webdealta.info\/index.php?rest_route=\/wp\/v2\/posts\/3961\/revisions"}],"predecessor-version":[{"id":3962,"href":"https:\/\/webdealta.info\/index.php?rest_route=\/wp\/v2\/posts\/3961\/revisions\/3962"}],"wp:featuredmedia":[{"embeddable":true,"href":"https:\/\/webdealta.info\/index.php?rest_route=\/wp\/v2\/media\/3733"}],"wp:attachment":[{"href":"https:\/\/webdealta.info\/index.php?rest_route=%2Fwp%2Fv2%2Fmedia&parent=3961"}],"wp:term":[{"taxonomy":"category","embeddable":true,"href":"https:\/\/webdealta.info\/index.php?rest_route=%2Fwp%2Fv2%2Fcategories&post=3961"},{"taxonomy":"post_tag","embeddable":true,"href":"https:\/\/webdealta.info\/index.php?rest_route=%2Fwp%2Fv2%2Ftags&post=3961"}],"curies":[{"name":"wp","href":"https:\/\/api.w.org\/{rel}","templated":true}]}}