{"id":3939,"date":"2021-12-11T22:29:06","date_gmt":"2021-12-12T02:29:06","guid":{"rendered":"https:\/\/webdealta.info\/?p=3939"},"modified":"2021-12-11T22:29:09","modified_gmt":"2021-12-12T02:29:09","slug":"regresa-la-banda-municipal-padre-sojo-a-la-plaza-bolivar","status":"publish","type":"post","link":"https:\/\/webdealta.info\/?p=3939","title":{"rendered":"Regresa la Banda Municipal Padre Sojo a la plaza Bol\u00edvar"},"content":{"rendered":"\n<h4 class=\"wp-block-heading\">* Pospuesta la rueda de prensa donde anunciar\u00eda oficialmente el tren ejecutivo municipal<\/h4>\n\n\n\n<p>Amanda Saldivia.-<\/p>\n\n\n\n<p>La rueda de prensa prevista para este lunes 13 de diciembre, en la cual se esperaba que el alcalde Pedro Sol\u00f3rzano anunciara oficialmente el nombre de los directores que lo acompa\u00f1ar\u00e1n en la gerencia de la alcald\u00eda del municipio Monagas, Gu\u00e1rico, fue pospuesta a la espera de conformar el resto del equipo.<\/p>\n\n\n\n<p>As\u00ed lo inform\u00f3 el alcalde en un contacto con la Web de Altagracia, en la tarde del s\u00e1bado 11 de diciembre, al ser consultado sobre los nombres que ya se conocen para distintas dependencias, el m\u00e1s notorio el de Ra\u00fal Inojosa, hijo de la anterior alcaldesa Tania Sierra, quien adem\u00e1s fue por casi dos a\u00f1os director general de esa dependencia municipal y ahora estar\u00e1 al frente de Servicios P\u00fablicos.<\/p>\n\n\n\n<p>El alcalde Pedro Sol\u00f3rzano prefiri\u00f3 no confirmar las designaciones, con el argumento de que est\u00e1 a la espera de constituir el resto del equipo y dijo que a finales de la semana convocar\u00e1 a los medios de comunicaci\u00f3n social para anunciarlos oficialmente. <\/p>\n\n\n\n<p>Lo que si se\u00f1al\u00f3, es que a partir de este domingo 12 de diciembre la Banda Municipal Padre Sojo nuevamente estar\u00e1 en la plaza Bol\u00edvar, desde las tres de la tarde.<\/p>\n\n\n\n<p>@amandasaldivia<\/p>\n\n\n\n<p><\/p>\n","protected":false},"excerpt":{"rendered":"<p>* Pospuesta la rueda de prensa donde anunciar\u00eda oficialmente el tren ejecutivo municipal Amanda Saldivia.- La rueda de prensa prevista para este lunes 13 de diciembre, en la cual se esperaba que el alcalde Pedro Sol\u00f3rzano anunciara oficialmente el nombre de los directores que lo acompa\u00f1ar\u00e1n en la gerencia de<\/p>\n","protected":false},"author":2,"featured_media":3940,"comment_status":"open","ping_status":"open","sticky":false,"template":"","format":"standard","meta":{"advanced_seo_description":"","jetpack_seo_html_title":"","jetpack_seo_noindex":false,"_jetpack_memberships_contains_paid_content":false,"footnotes":"","jetpack_publicize_message":"","jetpack_publicize_feature_enabled":true,"jetpack_social_post_already_shared":true,"jetpack_social_options":{"image_generator_settings":{"template":"highway","enabled":false},"version":2}},"categories":[15],"tags":[8,7,32],"class_list":["post-3939","post","type-post","status-publish","format-standard","has-post-thumbnail","hentry","category-municipalidad","tag-altagraciadeorituco","tag-guarico","tag-webdealta",""],"jetpack_publicize_connections":[],"jetpack_featured_media_url":"https:\/\/webdealta.info\/wp-content\/uploads\/2021\/12\/banda-padre-sojo-webdealta.png","jetpack_sharing_enabled":true,"jetpack_likes_enabled":true,"jetpack-related-posts":[],"jetpack_shortlink":"https:\/\/wp.me\/pcseDn-11x","_links":{"self":[{"href":"https:\/\/webdealta.info\/index.php?rest_route=\/wp\/v2\/posts\/3939","targetHints":{"allow":["GET"]}}],"collection":[{"href":"https:\/\/webdealta.info\/index.php?rest_route=\/wp\/v2\/posts"}],"about":[{"href":"https:\/\/webdealta.info\/index.php?rest_route=\/wp\/v2\/types\/post"}],"author":[{"embeddable":true,"href":"https:\/\/webdealta.info\/index.php?rest_route=\/wp\/v2\/users\/2"}],"replies":[{"embeddable":true,"href":"https:\/\/webdealta.info\/index.php?rest_route=%2Fwp%2Fv2%2Fcomments&post=3939"}],"version-history":[{"count":1,"href":"https:\/\/webdealta.info\/index.php?rest_route=\/wp\/v2\/posts\/3939\/revisions"}],"predecessor-version":[{"id":3941,"href":"https:\/\/webdealta.info\/index.php?rest_route=\/wp\/v2\/posts\/3939\/revisions\/3941"}],"wp:featuredmedia":[{"embeddable":true,"href":"https:\/\/webdealta.info\/index.php?rest_route=\/wp\/v2\/media\/3940"}],"wp:attachment":[{"href":"https:\/\/webdealta.info\/index.php?rest_route=%2Fwp%2Fv2%2Fmedia&parent=3939"}],"wp:term":[{"taxonomy":"category","embeddable":true,"href":"https:\/\/webdealta.info\/index.php?rest_route=%2Fwp%2Fv2%2Fcategories&post=3939"},{"taxonomy":"post_tag","embeddable":true,"href":"https:\/\/webdealta.info\/index.php?rest_route=%2Fwp%2Fv2%2Ftags&post=3939"}],"curies":[{"name":"wp","href":"https:\/\/api.w.org\/{rel}","templated":true}]}}