{"id":3936,"date":"2021-12-11T18:26:22","date_gmt":"2021-12-11T22:26:22","guid":{"rendered":"https:\/\/webdealta.info\/?p=3936"},"modified":"2021-12-11T18:26:26","modified_gmt":"2021-12-11T22:26:26","slug":"forjadores-de-progreso-william-de-paz-ferraz","status":"publish","type":"post","link":"https:\/\/webdealta.info\/?p=3936","title":{"rendered":"Forjadores de Progreso: William De Paz Ferraz"},"content":{"rendered":"\n<p>Amanda Saldivia.-<\/p>\n\n\n\n<p>La d\u00e9cima quinta entrega de Forjadores de Progreso, iniciativa de Promasorca como parte de la celebraci\u00f3n del 25 aniversario, est\u00e1 dedicada a distinguir William De Paz Ferraz, gracitano, hijo de padres isle\u00f1os, quien dedic\u00f3 la mayor parte de su vida a la proyecci\u00f3n de Altagracia de Orituco en el \u00e1mbito deportivo, tur\u00edstico y cultural, porque so\u00f1aba y trabaj\u00f3 incansablemente para que nombre de esta regi\u00f3n fuera mencionado en positivo.<\/p>\n\n\n\n<p>William creci\u00f3 relacion\u00e1ndose como mucha gente, sus padres ten\u00edan arrendado el hotel Andaluc\u00eda y posteriormente inauguraron en el a\u00f1o 1972 el hotel Amazor. En ese ambiente de atenci\u00f3n al p\u00fablico se desarroll\u00f3 su vida y asumi\u00f3 responsabilidades, una de ellas casualmente lo introdujo en el mundo del motocross.<\/p>\n\n\n\n<p>Cuenta la familia que en 1983 los padres de William viajaron a Espa\u00f1a y se qued\u00f3 a cargo del hotel. Es ah\u00ed cuando contrata como ayudante a Tadeo Mota, quien ya se adentraba en el mundo del motocross y este \u00faltimo le dijo\u2026yo no quiero que me pagues todav\u00eda, cuando termine el contrato me llevas a Caracas a comprar una motocicleta. A partir de all\u00ed comenzaron las aventuras juntos y el hotel fue el patrocinante oficial de este campe\u00f3n nacional de motocross.<\/p>\n\n\n\n<p>Como todo gracitano emprendedor y queriendo proyectar a esta regi\u00f3n guarique\u00f1a, fue parte de quienes improvisaron la pista de motocross en el cerro de la m\u00e1quina, luego otra en el parque ferial donde se realiz\u00f3 en el a\u00f1o 1988 la primera v\u00e1lida nacional de motocross en Altagracia de Orituco y fue el punto de partida a m\u00faltiples v\u00e1lidas que mov\u00edan la econom\u00eda de Altagracia y el nombre era enaltecido.<\/p>\n\n\n\n<p>Todo esto lo llev\u00f3 a fundar motoclubes, organiz\u00f3 v\u00e1lidas nacionales y fue &nbsp;presidente de la Asociaci\u00f3n de Motociclismo del estado Gu\u00e1rico, adem\u00e1s de sembrar en sus hijos el inter\u00e9s en este mundo deportivo. En el a\u00f1o 1991 Wilfran de cinco 5 a\u00f1os ya practicaba este deporte y le dio muchas satisfacciones como campe\u00f3n de esta disciplina y Franwil, no tuvo mucho inter\u00e9s en las motos, pero igual termin\u00f3 corriendo campeonatos de Enduro en los a\u00f1os 2011 y 2012.<\/p>\n\n\n\n<p>Fue de especial renombre el dise\u00f1o de la pista de motocross de El Paso Country Club. Cuando R\u00f3mulo Laya le dice vamos a hacer una pista detr\u00e1s de la manga de coleo, William elabor\u00f3 el trazado, planific\u00f3 la deforestaci\u00f3n con las m\u00e1quinas para garantizar d\u00f3nde dejar\u00edan los \u00e1rboles para ambientar y la laguna de riego. Tanto fue la dedicaci\u00f3n y el impacto que caus\u00f3 el dise\u00f1o, que para el a\u00f1o 2002 la pista de El Paso Country Club gan\u00f3 el premio como la mejor de Venezuela en ese campeonato nacional.<\/p>\n\n\n\n<p>William De Paz se destac\u00f3 en otras facetas, donde igualmente el inter\u00e9s era la proyecci\u00f3n de esta tierra orituque\u00f1a. En varias oportunidades fue parte de la directiva de los carnavales tur\u00edsticos, de las ferias agropecuarias, fue fundador de una emisora a la cual bautiz\u00f3 con el nombre de una tradici\u00f3n local, fue presidente de la C\u00e1mara de Turismo del municipio Monagas Camatur.<\/p>\n\n\n\n<p>Donde llegaba hablaba en positivo de esta regi\u00f3n y su amistad con el presidente de la Federaci\u00f3n de Ciclismo de Venezuela viabiliz\u00f3 la inclusi\u00f3n de Altagracia en la Vuelta Cicl\u00edstica, cuando ya \u00e9l no estaba f\u00edsicamente, pero sirvi\u00f3 para rendirle tributo a su memoria y no olvidar los sue\u00f1os de este gracitano que parti\u00f3 muy pronto y que en medio de la enfermedad segu\u00eda visualizando que all\u00e1, donde est\u00e1 la pantalla, cerca del caser\u00edo El Caruto al noreste de esta poblaci\u00f3n, deb\u00eda existir una imagen de la Madre Candelaria de San Jos\u00e9 y hacer rutas para paseos en bicicleta y senderismo.<\/p>\n\n\n\n<p>Porque trabaj\u00f3 incansablemente para que Altagracia se proyectara, porque impuls\u00f3 el deporte, pero \u00e9l tambi\u00e9n se destac\u00f3 en la pr\u00e1ctica de futbol y ciclismo, porque ve\u00eda las fortalezas de esta tierra en el \u00e1mbito tur\u00edstico y presidi\u00f3 Camatur, porque animaba al resto a seguir impulsando proyectos que hicieran brillar a esta regi\u00f3n, porque fue un gerente exitoso y como tal comprendi\u00f3 la funci\u00f3n social en beneficio de enaltecer el gentilicio de esta poblaci\u00f3n\u2026William de Paz Ferraz forma parte de Forjadores de Progreso.<\/p>\n\n\n\n<p>@amandasaldivia   <\/p>\n\n\n\n<p><\/p>\n","protected":false},"excerpt":{"rendered":"<p>Amanda Saldivia.- La d\u00e9cima quinta entrega de Forjadores de Progreso, iniciativa de Promasorca como parte de la celebraci\u00f3n del 25 aniversario, est\u00e1 dedicada a distinguir William De Paz Ferraz, gracitano, hijo de padres isle\u00f1os, quien dedic\u00f3 la mayor parte de su vida a la proyecci\u00f3n de Altagracia de Orituco en<\/p>\n","protected":false},"author":2,"featured_media":3937,"comment_status":"open","ping_status":"open","sticky":false,"template":"","format":"standard","meta":{"advanced_seo_description":"","jetpack_seo_html_title":"","jetpack_seo_noindex":false,"_jetpack_memberships_contains_paid_content":false,"footnotes":"","jetpack_publicize_message":"","jetpack_publicize_feature_enabled":true,"jetpack_social_post_already_shared":true,"jetpack_social_options":{"image_generator_settings":{"template":"highway","enabled":false},"version":2}},"categories":[156],"tags":[8,7,32],"class_list":["post-3936","post","type-post","status-publish","format-standard","has-post-thumbnail","hentry","category-publirreportaje","tag-altagraciadeorituco","tag-guarico","tag-webdealta",""],"jetpack_publicize_connections":[],"jetpack_featured_media_url":"https:\/\/webdealta.info\/wp-content\/uploads\/2021\/12\/William-De-paz-Webdealta.png","jetpack_sharing_enabled":true,"jetpack_likes_enabled":true,"jetpack-related-posts":[],"jetpack_shortlink":"https:\/\/wp.me\/pcseDn-11u","_links":{"self":[{"href":"https:\/\/webdealta.info\/index.php?rest_route=\/wp\/v2\/posts\/3936","targetHints":{"allow":["GET"]}}],"collection":[{"href":"https:\/\/webdealta.info\/index.php?rest_route=\/wp\/v2\/posts"}],"about":[{"href":"https:\/\/webdealta.info\/index.php?rest_route=\/wp\/v2\/types\/post"}],"author":[{"embeddable":true,"href":"https:\/\/webdealta.info\/index.php?rest_route=\/wp\/v2\/users\/2"}],"replies":[{"embeddable":true,"href":"https:\/\/webdealta.info\/index.php?rest_route=%2Fwp%2Fv2%2Fcomments&post=3936"}],"version-history":[{"count":1,"href":"https:\/\/webdealta.info\/index.php?rest_route=\/wp\/v2\/posts\/3936\/revisions"}],"predecessor-version":[{"id":3938,"href":"https:\/\/webdealta.info\/index.php?rest_route=\/wp\/v2\/posts\/3936\/revisions\/3938"}],"wp:featuredmedia":[{"embeddable":true,"href":"https:\/\/webdealta.info\/index.php?rest_route=\/wp\/v2\/media\/3937"}],"wp:attachment":[{"href":"https:\/\/webdealta.info\/index.php?rest_route=%2Fwp%2Fv2%2Fmedia&parent=3936"}],"wp:term":[{"taxonomy":"category","embeddable":true,"href":"https:\/\/webdealta.info\/index.php?rest_route=%2Fwp%2Fv2%2Fcategories&post=3936"},{"taxonomy":"post_tag","embeddable":true,"href":"https:\/\/webdealta.info\/index.php?rest_route=%2Fwp%2Fv2%2Ftags&post=3936"}],"curies":[{"name":"wp","href":"https:\/\/api.w.org\/{rel}","templated":true}]}}