{"id":3931,"date":"2021-12-08T21:28:10","date_gmt":"2021-12-09T01:28:10","guid":{"rendered":"https:\/\/webdealta.info\/?p=3931"},"modified":"2021-12-08T21:28:13","modified_gmt":"2021-12-09T01:28:13","slug":"apasygua-fundacion-danac-dicto-taller-a-productores-de-maiz","status":"publish","type":"post","link":"https:\/\/webdealta.info\/?p=3931","title":{"rendered":"Apasygua: fundaci\u00f3n Danac dict\u00f3 taller a productores de ma\u00edz"},"content":{"rendered":"\n<p>Amanda Saldivia.-<\/p>\n\n\n\n<p>En la sede de Apasygua se celebr\u00f3 un encuentro entre productores e integrantes de la Fundaci\u00f3n Danac, a los fines de que estos \u00faltimos divulguen los conocimientos generados en torno a las investigaciones relacionadas con el mejoramiento gen\u00e9tico de la semilla de ma\u00edz, los altos niveles de adaptabilidad a las caracter\u00edsticas de Gu\u00e1rico y el rendimiento por hect\u00e1rea.<\/p>\n\n\n\n<p>De acuerdo a lo expresado por Franklin Luis, miembro de la Fundaci\u00f3n Danac, la interacci\u00f3n con los productores de Apasygua en la ma\u00f1ana de este mi\u00e9rcoles ocho de diciembre, permitir\u00e1 que se pueda establecer en el ciclo lluvioso de 2022 \u201cparcelas demostrativas, que conlleven a d\u00edas de campo, que podamos invitar a los productores de las distintas localidades y que conozcan los materiales y la adaptabilidad en cada una de sus zonas\u201d, de all\u00ed la planificaci\u00f3n y las actividades formativas que llevan adelante, en Apasygua y en otras asociaciones del pa\u00eds.<\/p>\n\n\n\n<p>Por su parte, Gino Campos, precis\u00f3 que la fundaci\u00f3n para la investigaci\u00f3n agr\u00edcola Danac es auspiciada y financiada por empresas Polar, dedicada a la investigaci\u00f3n e innovaci\u00f3n, motivo por el cual tienen laboratorios y campos experimentales donde desarrollan h\u00edbridos simples, de alta calidad, para ofrecer a productores tanto en Gu\u00e1rico, Portuguesa y otras zonas del pa\u00eds.<\/p>\n\n\n\n<p>El ingeniero Campos, agreg\u00f3 que el proceso de mejoramiento gen\u00e9tico nacional, permite obtener una semilla \u201cde alta adaptabilidad a las diferentes zonas de producci\u00f3n del pa\u00eds y somos competitivos con respecto a otros materiales tanto for\u00e1neos, como nacionales\u201d.<\/p>\n\n\n\n<p>@amandasaldivia<\/p>\n\n\n\n<p><\/p>\n\n\n\n<p><\/p>\n","protected":false},"excerpt":{"rendered":"<p>Amanda Saldivia.- En la sede de Apasygua se celebr\u00f3 un encuentro entre productores e integrantes de la Fundaci\u00f3n Danac, a los fines de que estos \u00faltimos divulguen los conocimientos generados en torno a las investigaciones relacionadas con el mejoramiento gen\u00e9tico de la semilla de ma\u00edz, los altos niveles de adaptabilidad<\/p>\n","protected":false},"author":2,"featured_media":3933,"comment_status":"open","ping_status":"open","sticky":false,"template":"","format":"standard","meta":{"advanced_seo_description":"","jetpack_seo_html_title":"","jetpack_seo_noindex":false,"_jetpack_memberships_contains_paid_content":false,"footnotes":"","jetpack_publicize_message":"","jetpack_publicize_feature_enabled":true,"jetpack_social_post_already_shared":true,"jetpack_social_options":{"image_generator_settings":{"template":"highway","enabled":false},"version":2}},"categories":[19],"tags":[8,7,32],"class_list":["post-3931","post","type-post","status-publish","format-standard","has-post-thumbnail","hentry","category-agro","tag-altagraciadeorituco","tag-guarico","tag-webdealta",""],"jetpack_publicize_connections":[],"jetpack_featured_media_url":"https:\/\/webdealta.info\/wp-content\/uploads\/2021\/12\/Apasygua-Webdealta-taller.jpg","jetpack_sharing_enabled":true,"jetpack_likes_enabled":true,"jetpack-related-posts":[],"jetpack_shortlink":"https:\/\/wp.me\/pcseDn-11p","_links":{"self":[{"href":"https:\/\/webdealta.info\/index.php?rest_route=\/wp\/v2\/posts\/3931","targetHints":{"allow":["GET"]}}],"collection":[{"href":"https:\/\/webdealta.info\/index.php?rest_route=\/wp\/v2\/posts"}],"about":[{"href":"https:\/\/webdealta.info\/index.php?rest_route=\/wp\/v2\/types\/post"}],"author":[{"embeddable":true,"href":"https:\/\/webdealta.info\/index.php?rest_route=\/wp\/v2\/users\/2"}],"replies":[{"embeddable":true,"href":"https:\/\/webdealta.info\/index.php?rest_route=%2Fwp%2Fv2%2Fcomments&post=3931"}],"version-history":[{"count":1,"href":"https:\/\/webdealta.info\/index.php?rest_route=\/wp\/v2\/posts\/3931\/revisions"}],"predecessor-version":[{"id":3934,"href":"https:\/\/webdealta.info\/index.php?rest_route=\/wp\/v2\/posts\/3931\/revisions\/3934"}],"wp:featuredmedia":[{"embeddable":true,"href":"https:\/\/webdealta.info\/index.php?rest_route=\/wp\/v2\/media\/3933"}],"wp:attachment":[{"href":"https:\/\/webdealta.info\/index.php?rest_route=%2Fwp%2Fv2%2Fmedia&parent=3931"}],"wp:term":[{"taxonomy":"category","embeddable":true,"href":"https:\/\/webdealta.info\/index.php?rest_route=%2Fwp%2Fv2%2Fcategories&post=3931"},{"taxonomy":"post_tag","embeddable":true,"href":"https:\/\/webdealta.info\/index.php?rest_route=%2Fwp%2Fv2%2Ftags&post=3931"}],"curies":[{"name":"wp","href":"https:\/\/api.w.org\/{rel}","templated":true}]}}