{"id":3928,"date":"2021-12-08T00:06:52","date_gmt":"2021-12-08T04:06:52","guid":{"rendered":"https:\/\/webdealta.info\/?p=3928"},"modified":"2021-12-08T00:06:53","modified_gmt":"2021-12-08T04:06:53","slug":"gobernador-vasquez-hizo-anuncios-para-altagracia-en-juramentacion-del-alcalde","status":"publish","type":"post","link":"https:\/\/webdealta.info\/?p=3928","title":{"rendered":"Gobernador V\u00e1squez hizo anuncios para Altagracia en juramentaci\u00f3n del alcalde"},"content":{"rendered":"\n<p>Amanda Saldivia.-<\/p>\n\n\n\n<p>En el marco de la juramentaci\u00f3n del alcalde Pedro Sol\u00f3rzano, acto que cont\u00f3 con la presencia del gobernador Jos\u00e9 V\u00e1squez, hubo anuncios de inter\u00e9s para los habitantes del municipio Monagas por parte del mandatario regional, quien mencion\u00f3 que dar\u00e1n continuidad a los trabajos de rehabilitaci\u00f3n de la emergencia del hospital Dr. Jos\u00e9 Francisco Torrealba, destinar\u00e1n unidades para rutas urbanas, habr\u00e1 mejoras para el sistema de distribuci\u00f3n de agua potable, recursos para asfaltado de calles y la instalaci\u00f3n de un n\u00facleo de la Universidad R\u00f3mulo Gallegos en Altagracia de Orituco.<\/p>\n\n\n\n<p>Al culminar el acto, en declaraciones ofrecidas para este medio de comunicaci\u00f3n digital y que fueron igualmente transmitidas en el programa Tiempo de Cambios que conduce la redactora de esta nota en la emisora Activa 104.9 FM, el gobernador Jos\u00e9 V\u00e1squez mencion\u00f3 que retomaron los trabajos de rehabilitaci\u00f3n del \u00e1rea de emergencia del hospital, que el retraso se debi\u00f3 a la ampliaci\u00f3n del proyecto inicial y que esperan \u201centregarlo pronto\u201d.<\/p>\n\n\n\n<p>En referencia al transporte colectivo, no precis\u00f3 el n\u00famero de unidades, pero dijo que vendr\u00e1 en los pr\u00f3ximos d\u00edas para anunciar las rutas, las cuales ser\u00e1n definidas con la municipalidad; mientras que respecto al n\u00facleo de la UNERG mencion\u00f3 que es en beneficio de los j\u00f3venes \u201cpara nuestros bachilleres, para estudiar medicina, comunicaci\u00f3n social, derecho, es la masificaci\u00f3n universitaria, pero m\u00e1s all\u00e1 de eso es el compromiso que estamos asumiendo con el pueblo, le debo mucho al pueblo de Monagas, ese amor que expres\u00f3 el 21, tengan de mi parte que amor con amor se paga y me van a tener aqu\u00ed permanentemente en el municipio Monagas\u201d.<\/p>\n\n\n\n<p>Otro de los aspectos abordados durante la entrevista, fue la crisis en la distribuci\u00f3n de agua potable, a lo que respondi\u00f3 que \u201cyo no voy a tener descanso es en el agua potable, no solo en Altagracia, tememos una comisi\u00f3n del estado para el tema del agua, municipio por municipio y vienen buenas nuevas en esta \u00e1rea\u201d.<\/p>\n\n\n\n<p>Igualmente al preguntarle sobre la disponibilidad de los recursos aprobados para la vialidad urbana, se\u00f1al\u00f3 que se duplicar\u00edan, porque \u201chay un compromiso con el alcalde para ayudarlo en lo que es la vialidad urbana\u2026uno de los elementos complejos es que las plantas de asfalto est\u00e1n muy distantes de Altagracia de Orituco, a eso le estamos buscando una soluci\u00f3n\u201d.<\/p>\n\n\n\n<p>Sobre el presupuesto del a\u00f1o 2022, reconoci\u00f3 que seguir\u00e1 siendo deficitario, raz\u00f3n por la cual establecer\u00e1n prioridades y esto lo har\u00edan en un encuentro con el presidente Nicol\u00e1s Maduro, en el cual se definir\u00e1 cu\u00e1nto le corresponde a Gu\u00e1rico. <\/p>\n\n\n\n<p>Sin embargo, dijo que \u201cya tenemos bastante adelantado vialidad, salud, parte deportiva, hemos anunciado la rehabilitaci\u00f3n de 120 escuelas en el estado, pero el presupuesto va a ser deficiente, lo que estamos nosotros es asumiendo las prioridades y ah\u00ed vamos a enfocar nuestras acciones\u201d.<\/p>\n\n\n\n<p>@amandasaldivia<\/p>\n\n\n\n<p><\/p>\n","protected":false},"excerpt":{"rendered":"<p>Amanda Saldivia.- En el marco de la juramentaci\u00f3n del alcalde Pedro Sol\u00f3rzano, acto que cont\u00f3 con la presencia del gobernador Jos\u00e9 V\u00e1squez, hubo anuncios de inter\u00e9s para los habitantes del municipio Monagas por parte del mandatario regional, quien mencion\u00f3 que dar\u00e1n continuidad a los trabajos de rehabilitaci\u00f3n de la emergencia<\/p>\n","protected":false},"author":2,"featured_media":3929,"comment_status":"open","ping_status":"open","sticky":false,"template":"","format":"standard","meta":{"advanced_seo_description":"","jetpack_seo_html_title":"","jetpack_seo_noindex":false,"_jetpack_memberships_contains_paid_content":false,"footnotes":"","jetpack_publicize_message":"","jetpack_publicize_feature_enabled":true,"jetpack_social_post_already_shared":true,"jetpack_social_options":{"image_generator_settings":{"template":"highway","enabled":false},"version":2}},"categories":[284],"tags":[8,7,32],"class_list":["post-3928","post","type-post","status-publish","format-standard","has-post-thumbnail","hentry","category-gobierno-de-guarico","tag-altagraciadeorituco","tag-guarico","tag-webdealta",""],"jetpack_publicize_connections":[],"jetpack_featured_media_url":"https:\/\/webdealta.info\/wp-content\/uploads\/2021\/12\/gobernador-Webdealta-1.jpg","jetpack_sharing_enabled":true,"jetpack_likes_enabled":true,"jetpack-related-posts":[],"jetpack_shortlink":"https:\/\/wp.me\/pcseDn-11m","_links":{"self":[{"href":"https:\/\/webdealta.info\/index.php?rest_route=\/wp\/v2\/posts\/3928","targetHints":{"allow":["GET"]}}],"collection":[{"href":"https:\/\/webdealta.info\/index.php?rest_route=\/wp\/v2\/posts"}],"about":[{"href":"https:\/\/webdealta.info\/index.php?rest_route=\/wp\/v2\/types\/post"}],"author":[{"embeddable":true,"href":"https:\/\/webdealta.info\/index.php?rest_route=\/wp\/v2\/users\/2"}],"replies":[{"embeddable":true,"href":"https:\/\/webdealta.info\/index.php?rest_route=%2Fwp%2Fv2%2Fcomments&post=3928"}],"version-history":[{"count":1,"href":"https:\/\/webdealta.info\/index.php?rest_route=\/wp\/v2\/posts\/3928\/revisions"}],"predecessor-version":[{"id":3930,"href":"https:\/\/webdealta.info\/index.php?rest_route=\/wp\/v2\/posts\/3928\/revisions\/3930"}],"wp:featuredmedia":[{"embeddable":true,"href":"https:\/\/webdealta.info\/index.php?rest_route=\/wp\/v2\/media\/3929"}],"wp:attachment":[{"href":"https:\/\/webdealta.info\/index.php?rest_route=%2Fwp%2Fv2%2Fmedia&parent=3928"}],"wp:term":[{"taxonomy":"category","embeddable":true,"href":"https:\/\/webdealta.info\/index.php?rest_route=%2Fwp%2Fv2%2Fcategories&post=3928"},{"taxonomy":"post_tag","embeddable":true,"href":"https:\/\/webdealta.info\/index.php?rest_route=%2Fwp%2Fv2%2Ftags&post=3928"}],"curies":[{"name":"wp","href":"https:\/\/api.w.org\/{rel}","templated":true}]}}