{"id":3924,"date":"2021-12-06T21:53:29","date_gmt":"2021-12-07T01:53:29","guid":{"rendered":"https:\/\/webdealta.info\/?p=3924"},"modified":"2021-12-06T21:53:33","modified_gmt":"2021-12-07T01:53:33","slug":"covid-19-con-vacuna-sinopharm-inmunizan-a-ninos-en-escuelas","status":"publish","type":"post","link":"https:\/\/webdealta.info\/?p=3924","title":{"rendered":"Covid-19: con vacuna Sinopharm inmunizan a ni\u00f1os en escuelas"},"content":{"rendered":"\n<p>Amanda Saldivia.-<\/p>\n\n\n\n<p>El equipo del \u00c1rea de Salud Integral Comunitaria (ASIC), Ricardo Isidro Bernal del municipio Monagas, Gu\u00e1rico, con el apoyo del Ipasme-Altagracia, realiza a partir de este lunes seis de diciembre el abordaje a las instituciones educativas, a los fines de vacunar a ni\u00f1os desde los tres a\u00f1os de edad con la vacuna Sinopharm.<\/p>\n\n\n\n<p>Sin embargo, en conversaci\u00f3n sostenida con el licenciado Margarito Quintana, coordinador del ASIC, dijo que a los padres y representantes les mencionan las tres vacunas, es decir Sinopharm, Soberana y Abdala, y \u00e9stos deciden cu\u00e1l aplicar al ni\u00f1o y en presencia de este se realiza la inmunizaci\u00f3n.<\/p>\n\n\n\n<p>Igualmente explic\u00f3, que se trata de dar continuidad a la jornada masiva de vacunaci\u00f3n, raz\u00f3n por la cual van directamente a los planteles de acuerdo a un cronograma establecido, el cual se detalla a continuaci\u00f3n:<\/p>\n\n\n\n<ul class=\"wp-block-list\"><li>Consultorio Popular Dr. Jos\u00e9 Francisco Torrealba estar\u00e1 desde lunes 6\/12\/21 al viernes 10\/12\/21 en la Escuela B\u00e1sica Jos\u00e9 Ram\u00f3n Camejo y el Jueves 9\/12\/21 Fundaci\u00f3n del Ni\u00f1o.<\/li><li>Consultorio Popular Botal\u00f3n estar\u00e1 el martes 7\/12\/21 y Jueves 9\/12\/21 en la Escuela B\u00e1sica Botal\u00f3n.<\/li><li>Consultorio Popular Tricentenario l estar\u00e1 desde el martes 7\/12\/21 al viernes 10\/12\/21 en la Escuela B\u00e1sica Jos\u00e9 Tadeo Monagas.<\/li><li>Consultorio Popular Hugo Ch\u00e1vez Fr\u00edas el lunes 6\/12\/21 en la Escuela Guaiquer\u00edes<\/li><li>Consultorio Popular de Camoruco estar\u00e1 desde el lunes 6\/12\/21 al viernes 10\/12\/21 en la Escuela Abelardo M\u00e9ndez.<\/li><li>Cl\u00ednica Popular Ipare estar\u00e1 martes 7\/12, Jueves 9\/12 y viernes 10\/12\/21 en la Escuela Rub\u00e9n Hurtado, mi\u00e9rcoles 8\/12\/21 en la Escuela Alto Ipare.<\/li><li>CP Lezama lunes 6\/12\/21 en Escuela Bellas Brisas, martes 7\/12\/21 Escuela Jes\u00fas Bandres, mi\u00e9rcoles 8\/12\/21 Liceo Jes\u00fas Bandres, jueves 9\/12\/21 Escuela Jes\u00fas Bandres, viernes 10\/12\/21 Preescolar y Simoncito Jes\u00fas Bandres.<\/li><li>CP Paso Real de Macaira lunes 6\/12\/21 y martes 7\/12\/21 Escuela Benito Guti\u00e9rrez, mi\u00e9rcoles 8\/12\/21 Preescolar Benito Guti\u00e9rrez.<\/li><li>CP San Rafael desde el lunes 6\/12\/21 al viernes 10\/12\/21 Escuela Luisa Rojas de Gonz\u00e1lez.<\/li><li>CP Las Casitas desde el lunes 6\/12\/21 al viernes 10\/12\/21 en la Escuela Ezequiel Zamora.<\/li><li>CP Sabana Grande desde el lunes 6\/12\/21 al viernes 10\/12\/21 en la Escuela Dr. Pedro Mar\u00eda Ar\u00e9valo.<\/li><\/ul>\n\n\n\n<p><\/p>\n","protected":false},"excerpt":{"rendered":"<p>Amanda Saldivia.- El equipo del \u00c1rea de Salud Integral Comunitaria (ASIC), Ricardo Isidro Bernal del municipio Monagas, Gu\u00e1rico, con el apoyo del Ipasme-Altagracia, realiza a partir de este lunes seis de diciembre el abordaje a las instituciones educativas, a los fines de vacunar a ni\u00f1os desde los tres a\u00f1os de<\/p>\n","protected":false},"author":2,"featured_media":3925,"comment_status":"open","ping_status":"open","sticky":false,"template":"","format":"standard","meta":{"advanced_seo_description":"","jetpack_seo_html_title":"","jetpack_seo_noindex":false,"_jetpack_memberships_contains_paid_content":false,"footnotes":"","jetpack_publicize_message":"","jetpack_publicize_feature_enabled":true,"jetpack_social_post_already_shared":true,"jetpack_social_options":{"image_generator_settings":{"template":"highway","enabled":false},"version":2}},"categories":[195],"tags":[8,11,7,32],"class_list":["post-3924","post","type-post","status-publish","format-standard","has-post-thumbnail","hentry","category-covid-19","tag-altagraciadeorituco","tag-covid19","tag-guarico","tag-webdealta",""],"jetpack_publicize_connections":[],"jetpack_featured_media_url":"https:\/\/webdealta.info\/wp-content\/uploads\/2021\/12\/vacuna-webdealta-ipasme.png","jetpack_sharing_enabled":true,"jetpack_likes_enabled":true,"jetpack-related-posts":[],"jetpack_shortlink":"https:\/\/wp.me\/pcseDn-11i","_links":{"self":[{"href":"https:\/\/webdealta.info\/index.php?rest_route=\/wp\/v2\/posts\/3924","targetHints":{"allow":["GET"]}}],"collection":[{"href":"https:\/\/webdealta.info\/index.php?rest_route=\/wp\/v2\/posts"}],"about":[{"href":"https:\/\/webdealta.info\/index.php?rest_route=\/wp\/v2\/types\/post"}],"author":[{"embeddable":true,"href":"https:\/\/webdealta.info\/index.php?rest_route=\/wp\/v2\/users\/2"}],"replies":[{"embeddable":true,"href":"https:\/\/webdealta.info\/index.php?rest_route=%2Fwp%2Fv2%2Fcomments&post=3924"}],"version-history":[{"count":1,"href":"https:\/\/webdealta.info\/index.php?rest_route=\/wp\/v2\/posts\/3924\/revisions"}],"predecessor-version":[{"id":3926,"href":"https:\/\/webdealta.info\/index.php?rest_route=\/wp\/v2\/posts\/3924\/revisions\/3926"}],"wp:featuredmedia":[{"embeddable":true,"href":"https:\/\/webdealta.info\/index.php?rest_route=\/wp\/v2\/media\/3925"}],"wp:attachment":[{"href":"https:\/\/webdealta.info\/index.php?rest_route=%2Fwp%2Fv2%2Fmedia&parent=3924"}],"wp:term":[{"taxonomy":"category","embeddable":true,"href":"https:\/\/webdealta.info\/index.php?rest_route=%2Fwp%2Fv2%2Fcategories&post=3924"},{"taxonomy":"post_tag","embeddable":true,"href":"https:\/\/webdealta.info\/index.php?rest_route=%2Fwp%2Fv2%2Ftags&post=3924"}],"curies":[{"name":"wp","href":"https:\/\/api.w.org\/{rel}","templated":true}]}}