{"id":3915,"date":"2021-12-04T22:21:02","date_gmt":"2021-12-05T02:21:02","guid":{"rendered":"https:\/\/webdealta.info\/?p=3915"},"modified":"2021-12-04T22:21:06","modified_gmt":"2021-12-05T02:21:06","slug":"altagracia-10-afectados-por-ataque-de-abejas","status":"publish","type":"post","link":"https:\/\/webdealta.info\/?p=3915","title":{"rendered":"Altagracia: 10 afectados por ataque de abejas"},"content":{"rendered":"\n<p>Amanda Saldivia.-<\/p>\n\n\n\n<p>Un total de 10 personas resultaron afectadas tras sufrir emponzo\u00f1amiento por picadura de abejas, de las cuales cinco ameritaron atenci\u00f3n m\u00e9dica, en virtud de la acci\u00f3n del veneno de este insecto, hecho se registr\u00f3 en Altagracia de Orituco, en la ma\u00f1ana de este s\u00e1bado cuatro de diciembre, en el sector Parque Ferial.<\/p>\n\n\n\n<p>De acuerdo a testimonio de vecinos, la rama seca de un \u00e1rbol cay\u00f3 sobre parte de una vivienda, con la coincidencia de que hab\u00eda un enjambre de abejas y atacaron a las personas que se encontraban en el interior de la residencia y a otros habitantes de la zona.<\/p>\n\n\n\n<p>Mientras llegaban funcionarios bomberiles, los vecinos socorrieron a los afectados y procedieron a encender cauchos para disipar a las abejas con el humo.<\/p>\n\n\n\n<p>El coronel Denis Dur\u00e1n, comandante del Cuerpo de Bomberos Andr\u00e9 Fourneau, inform\u00f3 que solo cinco de los afectados ameritaron atenci\u00f3n m\u00e9dica, tres fueron trasladadas al hospital Dr. Jos\u00e9 Francisco Torrealba y dos al Centro Diagn\u00f3stico Integral.<\/p>\n\n\n\n<p>Igualmente, destac\u00f3 que los funcionarios procedieron a eliminar el enjambre. <\/p>\n\n\n\n<p>@amandasaldivia<\/p>\n\n\n\n<p>Foto: cortes\u00eda<\/p>\n\n\n\n<p><\/p>\n","protected":false},"excerpt":{"rendered":"<p>Amanda Saldivia.- Un total de 10 personas resultaron afectadas tras sufrir emponzo\u00f1amiento por picadura de abejas, de las cuales cinco ameritaron atenci\u00f3n m\u00e9dica, en virtud de la acci\u00f3n del veneno de este insecto, hecho se registr\u00f3 en Altagracia de Orituco, en la ma\u00f1ana de este s\u00e1bado cuatro de diciembre, en<\/p>\n","protected":false},"author":2,"featured_media":3917,"comment_status":"open","ping_status":"open","sticky":false,"template":"","format":"standard","meta":{"advanced_seo_description":"","jetpack_seo_html_title":"","jetpack_seo_noindex":false,"_jetpack_memberships_contains_paid_content":false,"footnotes":"","jetpack_publicize_message":"","jetpack_publicize_feature_enabled":true,"jetpack_social_post_already_shared":true,"jetpack_social_options":{"image_generator_settings":{"template":"highway","enabled":false},"version":2}},"categories":[282],"tags":[8,7,32],"class_list":["post-3915","post","type-post","status-publish","format-standard","has-post-thumbnail","hentry","category-emergencia","tag-altagraciadeorituco","tag-guarico","tag-webdealta",""],"jetpack_publicize_connections":[],"jetpack_featured_media_url":"https:\/\/webdealta.info\/wp-content\/uploads\/2021\/12\/webdealta-abejas.jpg","jetpack_sharing_enabled":true,"jetpack_likes_enabled":true,"jetpack-related-posts":[],"jetpack_shortlink":"https:\/\/wp.me\/pcseDn-119","_links":{"self":[{"href":"https:\/\/webdealta.info\/index.php?rest_route=\/wp\/v2\/posts\/3915","targetHints":{"allow":["GET"]}}],"collection":[{"href":"https:\/\/webdealta.info\/index.php?rest_route=\/wp\/v2\/posts"}],"about":[{"href":"https:\/\/webdealta.info\/index.php?rest_route=\/wp\/v2\/types\/post"}],"author":[{"embeddable":true,"href":"https:\/\/webdealta.info\/index.php?rest_route=\/wp\/v2\/users\/2"}],"replies":[{"embeddable":true,"href":"https:\/\/webdealta.info\/index.php?rest_route=%2Fwp%2Fv2%2Fcomments&post=3915"}],"version-history":[{"count":1,"href":"https:\/\/webdealta.info\/index.php?rest_route=\/wp\/v2\/posts\/3915\/revisions"}],"predecessor-version":[{"id":3918,"href":"https:\/\/webdealta.info\/index.php?rest_route=\/wp\/v2\/posts\/3915\/revisions\/3918"}],"wp:featuredmedia":[{"embeddable":true,"href":"https:\/\/webdealta.info\/index.php?rest_route=\/wp\/v2\/media\/3917"}],"wp:attachment":[{"href":"https:\/\/webdealta.info\/index.php?rest_route=%2Fwp%2Fv2%2Fmedia&parent=3915"}],"wp:term":[{"taxonomy":"category","embeddable":true,"href":"https:\/\/webdealta.info\/index.php?rest_route=%2Fwp%2Fv2%2Fcategories&post=3915"},{"taxonomy":"post_tag","embeddable":true,"href":"https:\/\/webdealta.info\/index.php?rest_route=%2Fwp%2Fv2%2Ftags&post=3915"}],"curies":[{"name":"wp","href":"https:\/\/api.w.org\/{rel}","templated":true}]}}