{"id":3910,"date":"2021-12-03T17:29:10","date_gmt":"2021-12-03T21:29:10","guid":{"rendered":"https:\/\/webdealta.info\/?p=3910"},"modified":"2021-12-03T17:29:12","modified_gmt":"2021-12-03T21:29:12","slug":"comando-34-de-la-gnb-guarico-agasajo-a-los-ninos-y-al-personal-de-ieea","status":"publish","type":"post","link":"https:\/\/webdealta.info\/?p=3910","title":{"rendered":"Comando 34 de la GNB-Gu\u00e1rico agasaj\u00f3 a los ni\u00f1os y al personal de IEEA"},"content":{"rendered":"\n<h4 class=\"wp-block-heading\">* Por el D\u00eda Internacional de las Personas con Discapacidad<\/h4>\n\n\n\n<p>Amanda Saldivia.-<\/p>\n\n\n\n<p>Una jornada de articulaci\u00f3n social llev\u00f3 a cabo el comando de Zona Nro. 34 Gu\u00e1rico de la Guardia Nacional Bolivariana en el Instituto de Educaci\u00f3n Especial Altagracia, con motivo del D\u00eda Internacional de las Personas con Discapacidad, en la cual se estrecharon lazos entre el capit\u00e1n Jackson C\u00e1cerez, representante de ese componente castrense en el municipio Monagas y la licenciada Marcia Vel\u00e1squez, directora del IEEA, con el fin de agasajar a los ni\u00f1os, familiares y personal de esa instituci\u00f3n.<\/p>\n\n\n\n<p>Durante la jornada celebrada este viernes tres de diciembre hubo actividades recreativas, actos culturales, refrigerio y almuerzo, a la cual se unieron otras instituciones, entre ellas la empresa Promasorca, el equipo de la Banda Municipal Padre Sojo, la agrupaci\u00f3n Alma Llanera que forma parte de la Orquesta Sinf\u00f3nica Rafael Magdaleno Infante Bandres y el entusiasta personal del IEEA.  <\/p>\n\n\n\n<p>El acto se inici\u00f3 con las palabras de la Dra. Susana Sayegh, autoridad \u00fanica municipal de la Red Educativa Circuital Jos\u00e9 Tadeo Monagas, quien destac\u00f3 la importancia de la fecha, la cual busca promover la inclusi\u00f3n de las personas con discapacidad con el firme compromiso de insertarlos como parte importante de la comunidad.<\/p>\n\n\n\n<p>Igualmente destac\u00f3 el mensaje de la licenciada Marcia Vel\u00e1squez, directora del IEEA, quien agradeci\u00f3 a la Guardia Nacional Bolivariana, comandada en el estado Gu\u00e1rico por el General de Brigada Gler Hern\u00e1ndez, por el agasajo a los ni\u00f1os con condiciones especiales e igualmente resalt\u00f3 el trabajo del capit\u00e1n Jackson C\u00e1cerez, comandante del Puesto de la GNB y familia, adem\u00e1s de representantes del comando rural de ese mismo componente.<\/p>\n\n\n\n<p>El cierre del acto protocolar estuvo a cargo del capit\u00e1n Jackson C\u00e1cerez, quien en nombre del General de Brigada Gler Hern\u00e1ndez, comandante del comando de la zona 34 \u2013 Gu\u00e1rico, dijo que el agasajo forma parte de la articulaci\u00f3n social con instituciones que son clave para la comunidad de Altagracia de Orituco y que se dedican, como es el caso del IEEA a la atenci\u00f3n de los ni\u00f1os y ni\u00f1as, para lograr que alcancen las destrezas que les permitan la integraci\u00f3n.<\/p>\n\n\n\n<p>@amandasaldivia   <\/p>\n\n\n\n<p><\/p>\n\n\n\n<figure class=\"wp-block-image size-large\"><img loading=\"lazy\" decoding=\"async\" width=\"1024\" height=\"546\" src=\"https:\/\/webdealta.info\/wp-content\/uploads\/2021\/12\/webdealta-IEEA-1024x546.jpg\" alt=\"\" class=\"wp-image-3913\" srcset=\"https:\/\/webdealta.info\/wp-content\/uploads\/2021\/12\/webdealta-IEEA.jpg 1024w, https:\/\/webdealta.info\/wp-content\/uploads\/2021\/12\/webdealta-IEEA.jpg 300w, https:\/\/webdealta.info\/wp-content\/uploads\/2021\/12\/webdealta-IEEA.jpg 768w, https:\/\/webdealta.info\/wp-content\/uploads\/2021\/12\/webdealta-IEEA.jpg 1170w, https:\/\/webdealta.info\/wp-content\/uploads\/2021\/12\/webdealta-IEEA.jpg 1500w, https:\/\/webdealta.info\/wp-content\/uploads\/2021\/12\/webdealta-IEEA.jpg 1280w\" sizes=\"auto, (max-width: 640px) 100vw, 640px\" \/><\/figure>\n\n\n\n<p><\/p>\n","protected":false},"excerpt":{"rendered":"<p>* Por el D\u00eda Internacional de las Personas con Discapacidad Amanda Saldivia.- Una jornada de articulaci\u00f3n social llev\u00f3 a cabo el comando de Zona Nro. 34 Gu\u00e1rico de la Guardia Nacional Bolivariana en el Instituto de Educaci\u00f3n Especial Altagracia, con motivo del D\u00eda Internacional de las Personas con Discapacidad, en<\/p>\n","protected":false},"author":2,"featured_media":3912,"comment_status":"open","ping_status":"open","sticky":false,"template":"","format":"standard","meta":{"advanced_seo_description":"","jetpack_seo_html_title":"","jetpack_seo_noindex":false,"_jetpack_memberships_contains_paid_content":false,"footnotes":"","jetpack_publicize_message":"","jetpack_publicize_feature_enabled":true,"jetpack_social_post_already_shared":true,"jetpack_social_options":{"image_generator_settings":{"template":"highway","enabled":false},"version":2}},"categories":[117],"tags":[8,7,32],"class_list":["post-3910","post","type-post","status-publish","format-standard","has-post-thumbnail","hentry","category-celebracion","tag-altagraciadeorituco","tag-guarico","tag-webdealta",""],"jetpack_publicize_connections":[],"jetpack_featured_media_url":"https:\/\/webdealta.info\/wp-content\/uploads\/2021\/12\/webdealta-GNB-dia-de-las-personas-con-discapacidad.jpg","jetpack_sharing_enabled":true,"jetpack_likes_enabled":true,"jetpack-related-posts":[],"jetpack_shortlink":"https:\/\/wp.me\/pcseDn-114","_links":{"self":[{"href":"https:\/\/webdealta.info\/index.php?rest_route=\/wp\/v2\/posts\/3910","targetHints":{"allow":["GET"]}}],"collection":[{"href":"https:\/\/webdealta.info\/index.php?rest_route=\/wp\/v2\/posts"}],"about":[{"href":"https:\/\/webdealta.info\/index.php?rest_route=\/wp\/v2\/types\/post"}],"author":[{"embeddable":true,"href":"https:\/\/webdealta.info\/index.php?rest_route=\/wp\/v2\/users\/2"}],"replies":[{"embeddable":true,"href":"https:\/\/webdealta.info\/index.php?rest_route=%2Fwp%2Fv2%2Fcomments&post=3910"}],"version-history":[{"count":1,"href":"https:\/\/webdealta.info\/index.php?rest_route=\/wp\/v2\/posts\/3910\/revisions"}],"predecessor-version":[{"id":3914,"href":"https:\/\/webdealta.info\/index.php?rest_route=\/wp\/v2\/posts\/3910\/revisions\/3914"}],"wp:featuredmedia":[{"embeddable":true,"href":"https:\/\/webdealta.info\/index.php?rest_route=\/wp\/v2\/media\/3912"}],"wp:attachment":[{"href":"https:\/\/webdealta.info\/index.php?rest_route=%2Fwp%2Fv2%2Fmedia&parent=3910"}],"wp:term":[{"taxonomy":"category","embeddable":true,"href":"https:\/\/webdealta.info\/index.php?rest_route=%2Fwp%2Fv2%2Fcategories&post=3910"},{"taxonomy":"post_tag","embeddable":true,"href":"https:\/\/webdealta.info\/index.php?rest_route=%2Fwp%2Fv2%2Ftags&post=3910"}],"curies":[{"name":"wp","href":"https:\/\/api.w.org\/{rel}","templated":true}]}}