{"id":3881,"date":"2021-11-30T21:53:21","date_gmt":"2021-12-01T01:53:21","guid":{"rendered":"https:\/\/webdealta.info\/?p=3881"},"modified":"2021-11-30T21:53:25","modified_gmt":"2021-12-01T01:53:25","slug":"electa-directiva-y-juramentados-concejales-del-municipio-monagas","status":"publish","type":"post","link":"https:\/\/webdealta.info\/?p=3881","title":{"rendered":"Electa directiva y juramentados concejales del municipio Monagas"},"content":{"rendered":"\n<p>Amanda Saldivia.-<\/p>\n\n\n\n<p>Con la elecci\u00f3n de la directiva del Concejo Municipal y la juramentaci\u00f3n de los concejales, adem\u00e1s de quienes fueron propuestos para desempe\u00f1ar el cargo de secretario y sub-secretario, qued\u00f3 instalada esa instancia parlamentaria en el municipio Jos\u00e9 Tadeo Monagas, estado Gu\u00e1rico.<\/p>\n\n\n\n<p>La concejala Marlenis Figueroa, jefa de la fracci\u00f3n del Partido Socialista Unido de Venezuela, organizaci\u00f3n pol\u00edtica con seis curules de los siete que conforman el Concejo Municipal, fue la encargada de hacer la propuesta para los diferentes cargos, en primer lugar el presidente, responsabilidad que recay\u00f3 en el concejal Julio Silvera, la vicepresidenta en la concejala Mayerlin Quevedo, la secretaria en la ex concejal y ex contralora de esta regi\u00f3n Sheila Coromoto Hern\u00e1ndez y la sub secretaria Norelis Tener\u00edas, todos aprobados por la mayor\u00eda del PSUV y con el voto salvado de la concejala Andreina Zerpa (MUD). \u00a0<\/p>\n\n\n\n<p>El acto se llev\u00f3 a cabo, este martes 30 de noviembre, en la sede de la alcald\u00eda del municipio Monagas, ubicada en el parque R\u00f3mulo Gallegos de Altagracia de Orituco, en medio de un clima de tolerancia y respeto. Solo hubo un momento confuso, cuando luego de la juramentaci\u00f3n de la directiva y tras haber culminado el mensaje de cierre por parte del presidente Julio Silvera, este dijo que no hab\u00eda juramentado al resto de los concejales, motivo por el cual proceder\u00eda a hacerlo.<\/p>\n\n\n\n<p>Antes el concejal Silvera, hab\u00eda tomado la palabra para destacar el rol del Concejo Municipal, que seguir\u00e1n lo plasmado en el Plan de la Patria y en los v\u00e9rtices anunciados por el gobierno nacional y regional, critic\u00f3 a la oposici\u00f3n por su actuaci\u00f3n al ganar el parlamento nacional en el a\u00f1o 2015 e igualmente dijo que van a \u201clegislar en funci\u00f3n de la estabilidad de nuestro pueblo y no caer en diatribas, eso ser\u00eda una perdedera de tiempo\u2026vamos a trabajar sin ning\u00fan tipo de rencillas con nadie\u201d.<\/p>\n\n\n\n<figure class=\"wp-block-image size-large\"><img loading=\"lazy\" decoding=\"async\" width=\"1024\" height=\"546\" src=\"https:\/\/webdealta.info\/wp-content\/uploads\/2021\/11\/webdealta-concejales-1-1024x546.png\" alt=\"\" class=\"wp-image-3884\" srcset=\"https:\/\/webdealta.info\/wp-content\/uploads\/2021\/11\/webdealta-concejales-1.png 1024w, https:\/\/webdealta.info\/wp-content\/uploads\/2021\/11\/webdealta-concejales-1.png 300w, https:\/\/webdealta.info\/wp-content\/uploads\/2021\/11\/webdealta-concejales-1.png 768w, https:\/\/webdealta.info\/wp-content\/uploads\/2021\/11\/webdealta-concejales-1.png 1170w, https:\/\/webdealta.info\/wp-content\/uploads\/2021\/11\/webdealta-concejales-1.png 1500w, https:\/\/webdealta.info\/wp-content\/uploads\/2021\/11\/webdealta-concejales-1.png 1280w\" sizes=\"auto, (max-width: 640px) 100vw, 640px\" \/><figcaption>Julio Silvera jura como presidente del Concejo Municipal<\/figcaption><\/figure>\n\n\n\n<p>Al finalizar la sesi\u00f3n especial abordamos a la concejala Andreina Zerpa, \u00fanica voz de la oposici\u00f3n en el Concejo Municipal, quien aprovech\u00f3 para decir tajante que est\u00e1 \u00abpara trabajar, para dar respuesta al pueblo y siempre en funci\u00f3n del bienestar de nuestra gente, as\u00ed trabajar\u00e9\u2026ese es mi enfoque, eso s\u00ed siempre lo he dicho y se lo dije a ellos mismo, cuando sea en bienestar del pueblo ah\u00ed estar\u00e9 trabajando, para alcahuetear jam\u00e1s ni nunca\u201d.<\/p>\n\n\n\n<p>Igualmente, abordamos a la concejala Marlenis Figueroa, jefa de la fracci\u00f3n del PSUV, quien luego de agradecer el voto que la llev\u00f3 al Concejo Municipal, resalt\u00f3 que \u201cde la mano con nuestro alcalde vamos a salir adelante, vamos a echar palante y este ser\u00e1 un municipio potencia\u201d.<\/p>\n\n\n\n<p>@amandasaldivia    <\/p>\n\n\n\n<p><\/p>\n","protected":false},"excerpt":{"rendered":"<p>Amanda Saldivia.- Con la elecci\u00f3n de la directiva del Concejo Municipal y la juramentaci\u00f3n de los concejales, adem\u00e1s de quienes fueron propuestos para desempe\u00f1ar el cargo de secretario y sub-secretario, qued\u00f3 instalada esa instancia parlamentaria en el municipio Jos\u00e9 Tadeo Monagas, estado Gu\u00e1rico. La concejala Marlenis Figueroa, jefa de la<\/p>\n","protected":false},"author":2,"featured_media":3883,"comment_status":"open","ping_status":"open","sticky":false,"template":"","format":"standard","meta":{"advanced_seo_description":"","jetpack_seo_html_title":"","jetpack_seo_noindex":false,"_jetpack_memberships_contains_paid_content":false,"footnotes":"","jetpack_publicize_message":"","jetpack_publicize_feature_enabled":true,"jetpack_social_post_already_shared":true,"jetpack_social_options":{"image_generator_settings":{"template":"highway","enabled":false},"version":2}},"categories":[294],"tags":[8,7,32],"class_list":["post-3881","post","type-post","status-publish","format-standard","has-post-thumbnail","hentry","category-concejo-municipal","tag-altagraciadeorituco","tag-guarico","tag-webdealta",""],"jetpack_publicize_connections":[],"jetpack_featured_media_url":"https:\/\/webdealta.info\/wp-content\/uploads\/2021\/11\/webdealta-concejales-2.png","jetpack_sharing_enabled":true,"jetpack_likes_enabled":true,"jetpack-related-posts":[],"jetpack_shortlink":"https:\/\/wp.me\/pcseDn-10B","_links":{"self":[{"href":"https:\/\/webdealta.info\/index.php?rest_route=\/wp\/v2\/posts\/3881","targetHints":{"allow":["GET"]}}],"collection":[{"href":"https:\/\/webdealta.info\/index.php?rest_route=\/wp\/v2\/posts"}],"about":[{"href":"https:\/\/webdealta.info\/index.php?rest_route=\/wp\/v2\/types\/post"}],"author":[{"embeddable":true,"href":"https:\/\/webdealta.info\/index.php?rest_route=\/wp\/v2\/users\/2"}],"replies":[{"embeddable":true,"href":"https:\/\/webdealta.info\/index.php?rest_route=%2Fwp%2Fv2%2Fcomments&post=3881"}],"version-history":[{"count":1,"href":"https:\/\/webdealta.info\/index.php?rest_route=\/wp\/v2\/posts\/3881\/revisions"}],"predecessor-version":[{"id":3885,"href":"https:\/\/webdealta.info\/index.php?rest_route=\/wp\/v2\/posts\/3881\/revisions\/3885"}],"wp:featuredmedia":[{"embeddable":true,"href":"https:\/\/webdealta.info\/index.php?rest_route=\/wp\/v2\/media\/3883"}],"wp:attachment":[{"href":"https:\/\/webdealta.info\/index.php?rest_route=%2Fwp%2Fv2%2Fmedia&parent=3881"}],"wp:term":[{"taxonomy":"category","embeddable":true,"href":"https:\/\/webdealta.info\/index.php?rest_route=%2Fwp%2Fv2%2Fcategories&post=3881"},{"taxonomy":"post_tag","embeddable":true,"href":"https:\/\/webdealta.info\/index.php?rest_route=%2Fwp%2Fv2%2Ftags&post=3881"}],"curies":[{"name":"wp","href":"https:\/\/api.w.org\/{rel}","templated":true}]}}