{"id":3867,"date":"2021-11-27T20:26:21","date_gmt":"2021-11-28T00:26:21","guid":{"rendered":"https:\/\/webdealta.info\/?p=3867"},"modified":"2021-11-28T19:22:42","modified_gmt":"2021-11-28T23:22:42","slug":"forjadores-de-progreso-juan-vicente-mendoza-fernandez","status":"publish","type":"post","link":"https:\/\/webdealta.info\/?p=3867","title":{"rendered":"Forjadores de Progreso: Juan Vicente Mendoza Fern\u00e1ndez"},"content":{"rendered":"\n<p>Amanda Saldivia.-<\/p>\n\n\n\n<p>La d\u00e9cima tercera entrega de Forjadores de Progreso, iniciativa de Promasorca como parte de la celebraci\u00f3n del 25 aniversario, est\u00e1 dedicada a distinguir a Juan Vicente Mendoza Fern\u00e1ndez, contador p\u00fablico, telegrafista, pol\u00edtico, locutor, poeta, top\u00f3grafo y quien adem\u00e1s dise\u00f1aba planos de viviendas, motivo por el cual su viuda, la educadora Adina Fern\u00e1ndez, no dudo en calificarlo de polifac\u00e9tico, al conversar con ella para indagar sobre la vida de este orituque\u00f1o, que naci\u00f3 en Altagracia el 6 de mayo de 1925.<\/p>\n\n\n\n<p>La primera vez que la joven Adina escuch\u00f3 a quien ser\u00eda su esposo 10 a\u00f1os despu\u00e9s, fue a trav\u00e9s de los parlantes de la Voz de Orituco, primera emisora local fundada por Don Guillermo Hurtado, la cual estaba ubicada en la calle Chapaiguana de Altagracia. No solo ten\u00eda el rol que conocemos de locutor, sino tambi\u00e9n interpretaba personajes de una radionovela que formaba parte de la programaci\u00f3n de esa estaci\u00f3n.<\/p>\n\n\n\n<p>La militancia pol\u00edtica de Juan Vicente Mendoza Fern\u00e1ndez en el partido URD, lo llev\u00f3 al Concejo Municipal y presidi\u00f3 esa c\u00e1mara en dos per\u00edodos, lapsos en los cuales se construyeron tres espacios p\u00fablicos, las plazas Chapaiguana y Pell\u00f3n y Palacios de la calle Vuelvan Caras y la Dr. Benito Guti\u00e9rrez L\u00f3pez de Ipare. Igualmente se pavimentaron calles y se construy\u00f3 el auditorio de la escuela Abelardo M\u00e9ndez de Camoruco.<\/p>\n\n\n\n<p>Cuentan que su casa, cercana a la sede de la municipalidad, se transformaba dos veces a la semana en el lugar a donde acud\u00edan quienes necesitaban ayudas en medicinas, para enterrar a familiares o para la reparaci\u00f3n de viviendas.<\/p>\n\n\n\n<p>Su faceta pol\u00edtica lo llev\u00f3 m\u00e1s all\u00e1 de su terru\u00f1o orituque\u00f1o, fue diputado al Consejo Legislativo del Estado Gu\u00e1rico y al Congreso Nacional, lleg\u00f3 a ser gobernador encargado y presidente de Fundagu\u00e1rico en los a\u00f1os 80, cargo que le permiti\u00f3 apoyar proyectos de construcci\u00f3n de viviendas en Altagracia, en la urbanizaci\u00f3n El Diamante y Ezequiel Zamora.<\/p>\n\n\n\n<p>La obra m\u00e1s importante de este orituque\u00f1o, la muestra de amor hacia el pr\u00f3jimo y particularmente hacia los ni\u00f1os en situaci\u00f3n de abandono o de escasos recursos, fue la Granja Eloi, ubicada en Ipare. El se\u00f1or Juan Vicente, junto a otros gracitanos distinguidos, como lo fueron el se\u00f1or Cruz Delgado y Teodomiro Castro, espiritistas, que segu\u00edan la doctrina de Joaquin Trincado, fundaron en la d\u00e9cada de los 70 una granja que todav\u00eda est\u00e1 en el recuerdo de muchos hijos de esta tierra, por el impacto que tuvo y porque la poblaci\u00f3n se uni\u00f3 en torno a esta noble causa.<\/p>\n\n\n\n<p>La Granja Eloi era un internado que recib\u00eda a ni\u00f1os y ni\u00f1as de todo el pa\u00eds. Contaba con extraordinarias instalaciones que inclu\u00edan talleres de carpinter\u00eda, de corte y costura, canchas, escuela, ten\u00eda personal m\u00e9dico, enfermeras, maestros, terreno para la siembra, todo para el bienestar de los m\u00e1s vulnerables, esos ni\u00f1os que ya en edad adulta reconocen la educaci\u00f3n integral que recibieron.<\/p>\n\n\n\n<p>Porque se distingui\u00f3 como pol\u00edtico, porque desde ese rol impuls\u00f3 el desarrollo de esta regi\u00f3n, porque se destac\u00f3 como profesional de la contadur\u00eda p\u00fablica, porque fue fundador y director de la Granja Eloi, uno de los proyectos m\u00e1s importantes para la \u00e9poca en el \u00e1mbito de la educaci\u00f3n y protecci\u00f3n de los ni\u00f1os, porque en vida recibi\u00f3 la visita de profesionales de distintas ramas, quienes estuvieron internados en la granja y regresaron a Altagracia para agradecer el apoyo que recibieron, porque aun despu\u00e9s de haber fallecido sigue ese reconocimiento a la labor como director de esa instituci\u00f3n, el se\u00f1or Juan Vicente Mendoza Fern\u00e1ndez forma parte de Forjadores de Progreso.<\/p>\n\n\n\n<p>@amandasaldivia<\/p>\n\n\n\n<p>En nuestro canal de YouTube el micro dedicado a Juan Vicente Mendoza Fern\u00e1ndez.<\/p>\n\n\n\n<figure class=\"wp-block-embed is-type-video is-provider-youtube wp-block-embed-youtube wp-embed-aspect-16-9 wp-has-aspect-ratio\"><div class=\"wp-block-embed__wrapper\">\n<iframe loading=\"lazy\" title=\"Forjadores de Progreso: Juan Vicente Mendoza Fern\u00e1ndez\" width=\"640\" height=\"360\" src=\"https:\/\/www.youtube.com\/embed\/YNNeEdfPnls?start=34&#038;feature=oembed\" frameborder=\"0\" allow=\"accelerometer; autoplay; clipboard-write; encrypted-media; gyroscope; picture-in-picture; web-share\" referrerpolicy=\"strict-origin-when-cross-origin\" allowfullscreen><\/iframe>\n<\/div><\/figure>\n","protected":false},"excerpt":{"rendered":"<p>Amanda Saldivia.- La d\u00e9cima tercera entrega de Forjadores de Progreso, iniciativa de Promasorca como parte de la celebraci\u00f3n del 25 aniversario, est\u00e1 dedicada a distinguir a Juan Vicente Mendoza Fern\u00e1ndez, contador p\u00fablico, telegrafista, pol\u00edtico, locutor, poeta, top\u00f3grafo y quien adem\u00e1s dise\u00f1aba planos de viviendas, motivo por el cual su viuda,<\/p>\n","protected":false},"author":2,"featured_media":3868,"comment_status":"open","ping_status":"open","sticky":false,"template":"","format":"standard","meta":{"advanced_seo_description":"","jetpack_seo_html_title":"","jetpack_seo_noindex":false,"_jetpack_memberships_contains_paid_content":false,"footnotes":"","jetpack_publicize_message":"","jetpack_publicize_feature_enabled":true,"jetpack_social_post_already_shared":true,"jetpack_social_options":{"image_generator_settings":{"template":"highway","enabled":false},"version":2}},"categories":[156],"tags":[8,7,32],"class_list":["post-3867","post","type-post","status-publish","format-standard","has-post-thumbnail","hentry","category-publirreportaje","tag-altagraciadeorituco","tag-guarico","tag-webdealta",""],"jetpack_publicize_connections":[],"jetpack_featured_media_url":"https:\/\/webdealta.info\/wp-content\/uploads\/2021\/11\/webdealta-forjadores-de-progreso-juan-vicente-mendoza.png","jetpack_sharing_enabled":true,"jetpack_likes_enabled":true,"jetpack-related-posts":[],"jetpack_shortlink":"https:\/\/wp.me\/pcseDn-10n","_links":{"self":[{"href":"https:\/\/webdealta.info\/index.php?rest_route=\/wp\/v2\/posts\/3867","targetHints":{"allow":["GET"]}}],"collection":[{"href":"https:\/\/webdealta.info\/index.php?rest_route=\/wp\/v2\/posts"}],"about":[{"href":"https:\/\/webdealta.info\/index.php?rest_route=\/wp\/v2\/types\/post"}],"author":[{"embeddable":true,"href":"https:\/\/webdealta.info\/index.php?rest_route=\/wp\/v2\/users\/2"}],"replies":[{"embeddable":true,"href":"https:\/\/webdealta.info\/index.php?rest_route=%2Fwp%2Fv2%2Fcomments&post=3867"}],"version-history":[{"count":2,"href":"https:\/\/webdealta.info\/index.php?rest_route=\/wp\/v2\/posts\/3867\/revisions"}],"predecessor-version":[{"id":3874,"href":"https:\/\/webdealta.info\/index.php?rest_route=\/wp\/v2\/posts\/3867\/revisions\/3874"}],"wp:featuredmedia":[{"embeddable":true,"href":"https:\/\/webdealta.info\/index.php?rest_route=\/wp\/v2\/media\/3868"}],"wp:attachment":[{"href":"https:\/\/webdealta.info\/index.php?rest_route=%2Fwp%2Fv2%2Fmedia&parent=3867"}],"wp:term":[{"taxonomy":"category","embeddable":true,"href":"https:\/\/webdealta.info\/index.php?rest_route=%2Fwp%2Fv2%2Fcategories&post=3867"},{"taxonomy":"post_tag","embeddable":true,"href":"https:\/\/webdealta.info\/index.php?rest_route=%2Fwp%2Fv2%2Ftags&post=3867"}],"curies":[{"name":"wp","href":"https:\/\/api.w.org\/{rel}","templated":true}]}}