{"id":3856,"date":"2021-11-26T16:54:48","date_gmt":"2021-11-26T20:54:48","guid":{"rendered":"https:\/\/webdealta.info\/?p=3856"},"modified":"2021-11-26T16:54:50","modified_gmt":"2021-11-26T20:54:50","slug":"otra-vez-productores-e-instituciones-reparan-vialidad","status":"publish","type":"post","link":"https:\/\/webdealta.info\/?p=3856","title":{"rendered":"Otra vez: productores e instituciones reparan vialidad"},"content":{"rendered":"\n<p>Amanda Saldivia.-<\/p>\n\n\n\n<p>Un total de 17 kil\u00f3metros de vialidad, que comprende el tramo Lezama &#8211; Punteral &#8211; Las Flores, es reparado actualmente por iniciativa de productores agropecuarios, con la colaboraci\u00f3n de la Asociaci\u00f3n Apoleca y la empresa Ypergas, esta \u00faltima con el aporte de maquinaria y los camiones para el traslado del granz\u00f3n.<\/p>\n\n\n\n<p>La informaci\u00f3n fue suministrada por el productor agropecuario Jos\u00e9 Luis Rosa Manuitt, quien agradeci\u00f3 el apoyo recibido, el cual dijo va en beneficio de los pobladores de la parroquia Lezama, Gu\u00e1rico, adem\u00e1s del impacto positivo que tiene para facilitar las actividades del campo y el traslado de cosechas.<\/p>\n\n\n\n<p>Detall\u00f3 que la zona sur del municipio Monagas, Gu\u00e1rico, se caracteriza por la explotaci\u00f3n gas\u00edfera del campo Yucal Placer y la producci\u00f3n de cereales, hortalizas y cr\u00eda de ganado, motivo por el cual contar con una buena vialidad es fundamental.<\/p>\n\n\n\n<p>@amandasaldivia<\/p>\n\n\n\n<p><\/p>\n","protected":false},"excerpt":{"rendered":"<p>Amanda Saldivia.- Un total de 17 kil\u00f3metros de vialidad, que comprende el tramo Lezama &#8211; Punteral &#8211; Las Flores, es reparado actualmente por iniciativa de productores agropecuarios, con la colaboraci\u00f3n de la Asociaci\u00f3n Apoleca y la empresa Ypergas, esta \u00faltima con el aporte de maquinaria y los camiones para el<\/p>\n","protected":false},"author":2,"featured_media":3858,"comment_status":"open","ping_status":"open","sticky":false,"template":"","format":"standard","meta":{"advanced_seo_description":"","jetpack_seo_html_title":"","jetpack_seo_noindex":false,"_jetpack_memberships_contains_paid_content":false,"footnotes":"","jetpack_publicize_message":"","jetpack_publicize_feature_enabled":true,"jetpack_social_post_already_shared":true,"jetpack_social_options":{"image_generator_settings":{"template":"highway","enabled":false},"version":2}},"categories":[16],"tags":[8,7,32],"class_list":["post-3856","post","type-post","status-publish","format-standard","has-post-thumbnail","hentry","category-vialidad","tag-altagraciadeorituco","tag-guarico","tag-webdealta",""],"jetpack_publicize_connections":[],"jetpack_featured_media_url":"https:\/\/webdealta.info\/wp-content\/uploads\/2021\/11\/CARRETERA-WEBDEALTA-LEZAM.png","jetpack_sharing_enabled":true,"jetpack_likes_enabled":true,"jetpack-related-posts":[],"jetpack_shortlink":"https:\/\/wp.me\/pcseDn-10c","_links":{"self":[{"href":"https:\/\/webdealta.info\/index.php?rest_route=\/wp\/v2\/posts\/3856","targetHints":{"allow":["GET"]}}],"collection":[{"href":"https:\/\/webdealta.info\/index.php?rest_route=\/wp\/v2\/posts"}],"about":[{"href":"https:\/\/webdealta.info\/index.php?rest_route=\/wp\/v2\/types\/post"}],"author":[{"embeddable":true,"href":"https:\/\/webdealta.info\/index.php?rest_route=\/wp\/v2\/users\/2"}],"replies":[{"embeddable":true,"href":"https:\/\/webdealta.info\/index.php?rest_route=%2Fwp%2Fv2%2Fcomments&post=3856"}],"version-history":[{"count":1,"href":"https:\/\/webdealta.info\/index.php?rest_route=\/wp\/v2\/posts\/3856\/revisions"}],"predecessor-version":[{"id":3859,"href":"https:\/\/webdealta.info\/index.php?rest_route=\/wp\/v2\/posts\/3856\/revisions\/3859"}],"wp:featuredmedia":[{"embeddable":true,"href":"https:\/\/webdealta.info\/index.php?rest_route=\/wp\/v2\/media\/3858"}],"wp:attachment":[{"href":"https:\/\/webdealta.info\/index.php?rest_route=%2Fwp%2Fv2%2Fmedia&parent=3856"}],"wp:term":[{"taxonomy":"category","embeddable":true,"href":"https:\/\/webdealta.info\/index.php?rest_route=%2Fwp%2Fv2%2Fcategories&post=3856"},{"taxonomy":"post_tag","embeddable":true,"href":"https:\/\/webdealta.info\/index.php?rest_route=%2Fwp%2Fv2%2Ftags&post=3856"}],"curies":[{"name":"wp","href":"https:\/\/api.w.org\/{rel}","templated":true}]}}