{"id":3854,"date":"2021-11-25T22:21:09","date_gmt":"2021-11-26T02:21:09","guid":{"rendered":"https:\/\/webdealta.info\/?p=3854"},"modified":"2021-11-25T22:21:11","modified_gmt":"2021-11-26T02:21:11","slug":"forjadores-de-progreso-andre-fourneau","status":"publish","type":"post","link":"https:\/\/webdealta.info\/?p=3854","title":{"rendered":"Forjadores de progreso: Andr\u00e9 Fourneau"},"content":{"rendered":"\n<p>Amanda Saldivia.-<\/p>\n\n\n\n<p>La d\u00e9cima segunda entrega de Forjadores de Progreso, iniciativa de Promasorca como parte de la celebraci\u00f3n del 25 aniversario, est\u00e1 dedicada a distinguir a Andr\u00e9 Fourneau, inmigrante belga que lleg\u00f3 a esta poblaci\u00f3n, luego de recorrer como turista Alemania, Espa\u00f1a, Martinica e Italia.<\/p>\n\n\n\n<p>Andr\u00e9 naci\u00f3 el 9 de mayo de 1928 en Renaix. All\u00ed recibi\u00f3 una educaci\u00f3n formal que le permiti\u00f3 manejar cuatro idiomas, tener conocimientos de administraci\u00f3n, de maquinaria pesada y adem\u00e1s tocaba el piano, herencia musical de su madre Pauline. La decisi\u00f3n de emigrar la tom\u00f3 posterior a la Segunda Guerra mundial y porque al parecer pretend\u00eda la familia que aceptara un matrimonio arreglado, como era costumbre en esa cultura.<\/p>\n\n\n\n<p>Andr\u00e9 Fourneau llega a esta regi\u00f3n guarique\u00f1a a la edad de 22 a\u00f1os. Cuentan que junto a un amigo italiano que buscaba a una familia asentada en la zona de Lezama. Ah\u00ed conoce a quien ser\u00eda su amigo para toda la vida: el alem\u00e1n Leonardo Badler.<\/p>\n\n\n\n<p>Andr\u00e9 comenz\u00f3 a trabajar en la finca del comandante Gonz\u00e1lez Aragort como maquinista y camionero, viajaba por todo el pa\u00eds con cargas de madera, actividad a la cual se dedic\u00f3 por a\u00f1os. Tambi\u00e9n labor\u00f3 como jefe de talleres cuando comenz\u00f3 la construcci\u00f3n de las torres el\u00e9ctricas de alta tensi\u00f3n que atraviesan esta zona.<\/p>\n\n\n\n<p>La amistad con su amigo Leonardo Badler se mantuvo siempre y este \u00faltimo cultivaba tabaco en Lezama, para posteriormente fundar en Altagracia la Tabacalera La Arom\u00e1tica y la tabacalera Gu\u00e1rico, donde Andr\u00e9 Fourneau fue clave por ser parte de la gerencia de esa exitosa empresa local que tantos empleos gener\u00f3 y que permiti\u00f3 que el nombre de Altagracia fuera referencia en el \u00e1mbito nacional e internacional.<\/p>\n\n\n\n<p>Gerenciar la tabacalera aument\u00f3 su nivel de relaciones en Altagracia, era miembro del Club de Leones, integrante de la C\u00e1mara de Comercio, de la Casa Canaria y formaba parte del grupo de rescate Servicio de Operaciones y Salvamento SOS, lo que complementaba como la actividad como radioaficionado con permiso otorgado por el Ministerio de Transporte y Comunicaciones el 20 de junio de 1976.<\/p>\n\n\n\n<p>Todo eso fue generando un c\u00famulo de acciones que lo llev\u00f3 a emprender, junto a otros gracitanos, la fundaci\u00f3n del Cuerpo de Bomberos en enero de 1978 y por su desempe\u00f1o y capacidad fue designado como el primer comandante de esta instituci\u00f3n, la cual hoy lleva su nombre como un tributo a su memoria y al aporte que hizo a esta tierra que asumi\u00f3 como suya, al punto de que nunca regres\u00f3 a su B\u00e9lgica natal.<\/p>\n\n\n\n<p>Andr\u00e9 Fourneau se distingu\u00eda por su jovialidad, por su elegancia y trato respetuoso, ese don de servir y hasta la manera p\u00edcara en que se presentaba. Ten\u00eda una frase que muchos recuerdan: \u201cMuchacho de buena familia, pero de mala reputaci\u00f3n\u201d, tal vez en recordatorio a ese matrimonio arreglado que no acept\u00f3.<\/p>\n\n\n\n<p>Porque asumi\u00f3 a Venezuela como su patria y trabaj\u00f3 incansablemente por el bienestar colectivo, por haber gerenciado una empresa exitosa que gener\u00f3 empleos y proyect\u00f3 a Altagracia en el \u00e1mbito nacional e internacional, porque su capacidad de servicio lo llev\u00f3 a pertenecer a Defensa Civil, al grupo de rescate Servicio de Operaciones y Salvamento, porque se distingui\u00f3 como uno de los fundadores del cuerpo de bomberos, instituci\u00f3n que lleva su nombre, porque est\u00e1 en la memoria de los gracitanos como el hombre jovial, amigo de todos, porque como comandante de ese cuerpo estuvo al frente del radio marat\u00f3n para lograr los recursos para la adquisici\u00f3n del carro de combate de incendios, porque gestion\u00f3 la formaci\u00f3n de los j\u00f3venes que se incorporaron a este sue\u00f1o hecho realidad, Andr\u00e9 Fourneau forma parte de Forjadores de Progreso.<\/p>\n\n\n\n<p>@amandasaldivia  <\/p>\n\n\n\n<p><\/p>\n","protected":false},"excerpt":{"rendered":"<p>Amanda Saldivia.- La d\u00e9cima segunda entrega de Forjadores de Progreso, iniciativa de Promasorca como parte de la celebraci\u00f3n del 25 aniversario, est\u00e1 dedicada a distinguir a Andr\u00e9 Fourneau, inmigrante belga que lleg\u00f3 a esta poblaci\u00f3n, luego de recorrer como turista Alemania, Espa\u00f1a, Martinica e Italia. Andr\u00e9 naci\u00f3 el 9 de<\/p>\n","protected":false},"author":2,"featured_media":3843,"comment_status":"open","ping_status":"open","sticky":false,"template":"","format":"standard","meta":{"advanced_seo_description":"","jetpack_seo_html_title":"","jetpack_seo_noindex":false,"_jetpack_memberships_contains_paid_content":false,"footnotes":"","jetpack_publicize_message":"","jetpack_publicize_feature_enabled":true,"jetpack_social_post_already_shared":true,"jetpack_social_options":{"image_generator_settings":{"template":"highway","enabled":false},"version":2}},"categories":[156],"tags":[8,7,32],"class_list":["post-3854","post","type-post","status-publish","format-standard","has-post-thumbnail","hentry","category-publirreportaje","tag-altagraciadeorituco","tag-guarico","tag-webdealta",""],"jetpack_publicize_connections":[],"jetpack_featured_media_url":"https:\/\/webdealta.info\/wp-content\/uploads\/2021\/11\/forjadores-andre.png","jetpack_sharing_enabled":true,"jetpack_likes_enabled":true,"jetpack-related-posts":[],"jetpack_shortlink":"https:\/\/wp.me\/pcseDn-10a","_links":{"self":[{"href":"https:\/\/webdealta.info\/index.php?rest_route=\/wp\/v2\/posts\/3854","targetHints":{"allow":["GET"]}}],"collection":[{"href":"https:\/\/webdealta.info\/index.php?rest_route=\/wp\/v2\/posts"}],"about":[{"href":"https:\/\/webdealta.info\/index.php?rest_route=\/wp\/v2\/types\/post"}],"author":[{"embeddable":true,"href":"https:\/\/webdealta.info\/index.php?rest_route=\/wp\/v2\/users\/2"}],"replies":[{"embeddable":true,"href":"https:\/\/webdealta.info\/index.php?rest_route=%2Fwp%2Fv2%2Fcomments&post=3854"}],"version-history":[{"count":1,"href":"https:\/\/webdealta.info\/index.php?rest_route=\/wp\/v2\/posts\/3854\/revisions"}],"predecessor-version":[{"id":3855,"href":"https:\/\/webdealta.info\/index.php?rest_route=\/wp\/v2\/posts\/3854\/revisions\/3855"}],"wp:featuredmedia":[{"embeddable":true,"href":"https:\/\/webdealta.info\/index.php?rest_route=\/wp\/v2\/media\/3843"}],"wp:attachment":[{"href":"https:\/\/webdealta.info\/index.php?rest_route=%2Fwp%2Fv2%2Fmedia&parent=3854"}],"wp:term":[{"taxonomy":"category","embeddable":true,"href":"https:\/\/webdealta.info\/index.php?rest_route=%2Fwp%2Fv2%2Fcategories&post=3854"},{"taxonomy":"post_tag","embeddable":true,"href":"https:\/\/webdealta.info\/index.php?rest_route=%2Fwp%2Fv2%2Ftags&post=3854"}],"curies":[{"name":"wp","href":"https:\/\/api.w.org\/{rel}","templated":true}]}}