{"id":3838,"date":"2021-11-23T21:20:11","date_gmt":"2021-11-24T01:20:11","guid":{"rendered":"https:\/\/webdealta.info\/?p=3838"},"modified":"2021-11-23T21:20:32","modified_gmt":"2021-11-24T01:20:32","slug":"altagracia-proclaman-al-alcalde-y-concejales-este-24n","status":"publish","type":"post","link":"https:\/\/webdealta.info\/?p=3838","title":{"rendered":"Altagracia: proclaman al alcalde y concejales este 24N"},"content":{"rendered":"\n<p>Amanda Saldivia.-<\/p>\n\n\n\n<p>Una fotograf\u00eda de Altagracia de Orituco, tomada desde Portachuelo, v\u00eda San Francisco de Macaira, ilustra la nota sobre el acto de proclamaci\u00f3n de quienes resultaron electos el pasado domingo 21N y recibir\u00e1n las credenciales este mi\u00e9rcoles 24 de noviembre, las 10:00 am, por parte de la Junta Electoral Municipal.<\/p>\n\n\n\n<p>Este paraje del municipio Monagas, Gu\u00e1rico, es un lugar para contemplar la belleza de esta regi\u00f3n, las potencialidades, el esfuerzo de productores del campo y las zonas urbanizadas que tantas necesidades reportan a diario, por las deficiencias en los servicios b\u00e1sicos, entre ellos agua potable.<\/p>\n\n\n\n<p>A partir de ma\u00f1ana, un nuevo per\u00edodo de gobierno municipal comienza con la gerencia de Pedro Sol\u00f3rzano, acompa\u00f1ado en el Concejo Municipal por siete concejales, seis del PSUV, mismo partido del alcalde electo y uno por la Mesa de la Unidad Democr\u00e1tica.<\/p>\n\n\n\n<p>Trascendi\u00f3, por v\u00eda del nuevo alcalde, que posterior al acto de entrega de credenciales por parte de la Junta Electoral Municipal, recibir\u00e1 la alcald\u00eda de manos de la mandataria saliente Tania Sierra, para comenzar de una vez las funciones correspondientes.<\/p>\n\n\n\n<p>Los concejales electos son los siguientes:<\/p>\n\n\n\n<p>Circuito 1:<\/p>\n\n\n\n<ul class=\"wp-block-list\"><li>Mayerlin Quevedo (PSUV)<\/li><li>Jos\u00e9 Quinto (PSUV)<\/li><\/ul>\n\n\n\n<p>Circuito 2:<\/p>\n\n\n\n<ul class=\"wp-block-list\"><li>Jos\u00e9 Arias (PSUV)<\/li><\/ul>\n\n\n\n<p>Lista:<\/p>\n\n\n\n<ul class=\"wp-block-list\"><li>Andre\u00edna Zerpa (MUD)<\/li><li>Julio Silvera (PSUV)<\/li><li>Marlene Figueroa (PSUV)<\/li><li>Ennio Malpica (PSUV)<\/li><\/ul>\n","protected":false},"excerpt":{"rendered":"<p>Amanda Saldivia.- Una fotograf\u00eda de Altagracia de Orituco, tomada desde Portachuelo, v\u00eda San Francisco de Macaira, ilustra la nota sobre el acto de proclamaci\u00f3n de quienes resultaron electos el pasado domingo 21N y recibir\u00e1n las credenciales este mi\u00e9rcoles 24 de noviembre, las 10:00 am, por parte de la Junta Electoral<\/p>\n","protected":false},"author":2,"featured_media":3839,"comment_status":"open","ping_status":"open","sticky":false,"template":"","format":"standard","meta":{"advanced_seo_description":"","jetpack_seo_html_title":"","jetpack_seo_noindex":false,"_jetpack_memberships_contains_paid_content":false,"footnotes":"","jetpack_publicize_message":"","jetpack_publicize_feature_enabled":true,"jetpack_social_post_already_shared":true,"jetpack_social_options":{"image_generator_settings":{"template":"highway","enabled":false},"version":2}},"categories":[293],"tags":[8,7,32],"class_list":["post-3838","post","type-post","status-publish","format-standard","has-post-thumbnail","hentry","category-elecciones-2021","tag-altagraciadeorituco","tag-guarico","tag-webdealta",""],"jetpack_publicize_connections":[],"jetpack_featured_media_url":"https:\/\/webdealta.info\/wp-content\/uploads\/2021\/11\/foto-vista-webdealta-portachuelo.jpg","jetpack_sharing_enabled":true,"jetpack_likes_enabled":true,"jetpack-related-posts":[],"jetpack_shortlink":"https:\/\/wp.me\/pcseDn-ZU","_links":{"self":[{"href":"https:\/\/webdealta.info\/index.php?rest_route=\/wp\/v2\/posts\/3838","targetHints":{"allow":["GET"]}}],"collection":[{"href":"https:\/\/webdealta.info\/index.php?rest_route=\/wp\/v2\/posts"}],"about":[{"href":"https:\/\/webdealta.info\/index.php?rest_route=\/wp\/v2\/types\/post"}],"author":[{"embeddable":true,"href":"https:\/\/webdealta.info\/index.php?rest_route=\/wp\/v2\/users\/2"}],"replies":[{"embeddable":true,"href":"https:\/\/webdealta.info\/index.php?rest_route=%2Fwp%2Fv2%2Fcomments&post=3838"}],"version-history":[{"count":1,"href":"https:\/\/webdealta.info\/index.php?rest_route=\/wp\/v2\/posts\/3838\/revisions"}],"predecessor-version":[{"id":3840,"href":"https:\/\/webdealta.info\/index.php?rest_route=\/wp\/v2\/posts\/3838\/revisions\/3840"}],"wp:featuredmedia":[{"embeddable":true,"href":"https:\/\/webdealta.info\/index.php?rest_route=\/wp\/v2\/media\/3839"}],"wp:attachment":[{"href":"https:\/\/webdealta.info\/index.php?rest_route=%2Fwp%2Fv2%2Fmedia&parent=3838"}],"wp:term":[{"taxonomy":"category","embeddable":true,"href":"https:\/\/webdealta.info\/index.php?rest_route=%2Fwp%2Fv2%2Fcategories&post=3838"},{"taxonomy":"post_tag","embeddable":true,"href":"https:\/\/webdealta.info\/index.php?rest_route=%2Fwp%2Fv2%2Ftags&post=3838"}],"curies":[{"name":"wp","href":"https:\/\/api.w.org\/{rel}","templated":true}]}}