{"id":3831,"date":"2021-11-22T20:28:18","date_gmt":"2021-11-23T00:28:18","guid":{"rendered":"https:\/\/webdealta.info\/?p=3831"},"modified":"2021-11-22T20:28:20","modified_gmt":"2021-11-23T00:28:20","slug":"forjadores-de-progreso-dr-cesar-ramirez","status":"publish","type":"post","link":"https:\/\/webdealta.info\/?p=3831","title":{"rendered":"Forjadores de Progreso: Dr. C\u00e9sar Ram\u00edrez"},"content":{"rendered":"\n<p>Amanda Saldivia.-<\/p>\n\n\n\n<p>La d\u00e9cima primera entrega de Forjadores de Progreso, iniciativa de Promasorca como parte de la celebraci\u00f3n del 25 aniversario, est\u00e1 dedicada a distinguir al Dr. C\u00e9sar Ram\u00edrez, hijo de esta tierra, quien siempre estuvo claro que su vocaci\u00f3n era la medicina. Al preguntarle en la escuela que vas a estudiar cuando seas grande, respond\u00eda sin duda: yo voy a ser doctor. Casualmente tambi\u00e9n lo vaticin\u00f3 la comadrona que atendi\u00f3 el parto el 26 de junio de 1949, quien dec\u00eda al momento del alumbramiento: puja Mar\u00eda Josefa, puja que ese va a ser m\u00e9dico.<\/p>\n\n\n\n<p>Sin embargo, alcanzar esa meta no fue f\u00e1cil, la prosecuci\u00f3n de estudios de bachillerato deb\u00eda hacerse en Altagracia. As\u00ed que al culminar la primaria en su San Rafael natal deb\u00eda caminar siete kil\u00f3metros por la v\u00eda de tierra que sale a Botal\u00f3n para llegar al liceo Ram\u00f3n Buenahora, ubicado en la calle Bol\u00edvar.<\/p>\n\n\n\n<p>Ese recorrido diario lo hac\u00eda junto a sus hermanos Marbelia y Jos\u00e9 Luis, y como el liceo ten\u00eda dos turno pasaban el mediod\u00eda a las afueras de la instituci\u00f3n y otros en casa de compa\u00f1eros, cuyos padres ven\u00eda en los hermanos Ram\u00edrez la determinaci\u00f3n de graduarse de bachilleres.<\/p>\n\n\n\n<p>C\u00e9sar Ram\u00edrez se distingu\u00eda por las excelentes calificaciones, exim\u00eda las materias y tuvo el honor, por su promedio, de pronunciar el discurso de graduaci\u00f3n de bachiller, donde la madrina fue la profesora Emilia de Zanders, quien figuraba en la plantilla de profesores en el a\u00f1o 1968.<\/p>\n\n\n\n<p>Paralelo a la meta de ser doctor, estaba su amor por la naturaleza. Desde ni\u00f1o le encantaba la pesca, la caza y los paseos por los parajes de la quebrada Tememure y aunque no fue destacado en el deporte, si fund\u00f3 con otros sanrafaelinos la escuela beisbol Criollitos de Tememure y el equipo de softbol \u00c1guilas de San Rafael, al parecer uno de los primeros del g\u00e9nero femenino en el pa\u00eds.<\/p>\n\n\n\n<p>Una vez graduado de bachiller con honores, la determinaci\u00f3n por la carrera de medicina lo llev\u00f3 al estado Bol\u00edvar. All\u00ed estudi\u00f3 en la Universidad de Oriente, gan\u00f3 el concurso como preparador de morfolog\u00eda y parte de su formaci\u00f3n la hizo en el hospital Ruiz y P\u00e1ez de Ciudad Bol\u00edvar.<\/p>\n\n\n\n<p>Como estudiante universitario comienza a desarrollar otra faceta, la de l\u00edder estudiantil. Esos j\u00f3venes que luchaban por m\u00e1s presupuesto para las universidades y eso le gan\u00f3 el retraso en la fecha de graduaci\u00f3n por diferencias con el rector e incluso que lo enviaran seis meses al estado Amazonas, experiencia que lo fortaleci\u00f3 como m\u00e9dico, porque vio esa otra cara, ese mundo de creencias, de medicina no tradicional, de costumbres y la oportunidad de conversar con los chamanes de las tribus.<\/p>\n\n\n\n<p>Su pasi\u00f3n siempre fue especializarse en cirug\u00eda y el posgrado la curs\u00f3 en la Universidad Central de Venezuela, espec\u00edficamente en el hospital Dr. Jos\u00e9 Gregorio Hern\u00e1ndez de Caracas. Toda esa experiencia de a\u00f1os en hospitales y posteriormente en su obra concreta para el desarrollo de esta regi\u00f3n guarique\u00f1a, como lo es el Centro M\u00e9dico Orituco, lo llev\u00f3 a ser considerado un m\u00e9dico hol\u00edsticos, como dicen las personas mayores: eso que saben de todo. Por eso su consulta abarcaba el \u00e1rea de urolog\u00eda, medicina interna, obstetricia, traumatolog\u00eda, neurolog\u00eda, era experto en ultrasonido, en laparoscopia y a veces hasta fue anestesi\u00f3logo.<\/p>\n\n\n\n<p>Su partida f\u00edsica en el a\u00f1o 2019 fue de duro impacto para la poblaci\u00f3n, pero queda su obra.<\/p>\n\n\n\n<p>Por haber dedicado m\u00e1s de 40 a\u00f1os al servicio de la poblaci\u00f3n, por ser el jefe de cirug\u00eda del hospital Dr. Jos\u00e9 Francisco Torrealba, donde nunca se jubil\u00f3, porque durante su faceta como concejal del municipio Monagas gestion\u00f3 ambulancia para el hospital, un mayor presupuesto para la salud, la asignaci\u00f3n de m\u00e9dicos para los ambulatorios, porque incursion\u00f3 con \u00e9xito tambi\u00e9n en el \u00e1rea de la producci\u00f3n agropecuaria, por dedicar horas de estudio permanente para seguir ofreciendo atenci\u00f3n de calidas, por haber fundado la primera cl\u00ednica en Gu\u00e1rico que cumpl\u00eda con los est\u00e1ndares del sistema de salud, el doctor C\u00e9sar Ram\u00edrez forma parte de Forjadores de Progreso.<\/p>\n\n\n\n<p>@amandasaldivia   <\/p>\n\n\n\n<p><\/p>\n","protected":false},"excerpt":{"rendered":"<p>Amanda Saldivia.- La d\u00e9cima primera entrega de Forjadores de Progreso, iniciativa de Promasorca como parte de la celebraci\u00f3n del 25 aniversario, est\u00e1 dedicada a distinguir al Dr. C\u00e9sar Ram\u00edrez, hijo de esta tierra, quien siempre estuvo claro que su vocaci\u00f3n era la medicina. Al preguntarle en la escuela que vas<\/p>\n","protected":false},"author":2,"featured_media":3832,"comment_status":"open","ping_status":"open","sticky":false,"template":"","format":"standard","meta":{"advanced_seo_description":"","jetpack_seo_html_title":"","jetpack_seo_noindex":false,"_jetpack_memberships_contains_paid_content":false,"footnotes":"","jetpack_publicize_message":"","jetpack_publicize_feature_enabled":true,"jetpack_social_post_already_shared":true,"jetpack_social_options":{"image_generator_settings":{"template":"highway","enabled":false},"version":2}},"categories":[156],"tags":[8,7,32],"class_list":["post-3831","post","type-post","status-publish","format-standard","has-post-thumbnail","hentry","category-publirreportaje","tag-altagraciadeorituco","tag-guarico","tag-webdealta",""],"jetpack_publicize_connections":[],"jetpack_featured_media_url":"https:\/\/webdealta.info\/wp-content\/uploads\/2021\/11\/Dr.-Cesar-Ramirez-Webdealta.png","jetpack_sharing_enabled":true,"jetpack_likes_enabled":true,"jetpack-related-posts":[],"jetpack_shortlink":"https:\/\/wp.me\/pcseDn-ZN","_links":{"self":[{"href":"https:\/\/webdealta.info\/index.php?rest_route=\/wp\/v2\/posts\/3831","targetHints":{"allow":["GET"]}}],"collection":[{"href":"https:\/\/webdealta.info\/index.php?rest_route=\/wp\/v2\/posts"}],"about":[{"href":"https:\/\/webdealta.info\/index.php?rest_route=\/wp\/v2\/types\/post"}],"author":[{"embeddable":true,"href":"https:\/\/webdealta.info\/index.php?rest_route=\/wp\/v2\/users\/2"}],"replies":[{"embeddable":true,"href":"https:\/\/webdealta.info\/index.php?rest_route=%2Fwp%2Fv2%2Fcomments&post=3831"}],"version-history":[{"count":1,"href":"https:\/\/webdealta.info\/index.php?rest_route=\/wp\/v2\/posts\/3831\/revisions"}],"predecessor-version":[{"id":3833,"href":"https:\/\/webdealta.info\/index.php?rest_route=\/wp\/v2\/posts\/3831\/revisions\/3833"}],"wp:featuredmedia":[{"embeddable":true,"href":"https:\/\/webdealta.info\/index.php?rest_route=\/wp\/v2\/media\/3832"}],"wp:attachment":[{"href":"https:\/\/webdealta.info\/index.php?rest_route=%2Fwp%2Fv2%2Fmedia&parent=3831"}],"wp:term":[{"taxonomy":"category","embeddable":true,"href":"https:\/\/webdealta.info\/index.php?rest_route=%2Fwp%2Fv2%2Fcategories&post=3831"},{"taxonomy":"post_tag","embeddable":true,"href":"https:\/\/webdealta.info\/index.php?rest_route=%2Fwp%2Fv2%2Ftags&post=3831"}],"curies":[{"name":"wp","href":"https:\/\/api.w.org\/{rel}","templated":true}]}}