{"id":3815,"date":"2021-11-19T23:52:36","date_gmt":"2021-11-20T03:52:36","guid":{"rendered":"https:\/\/webdealta.info\/?p=3815"},"modified":"2021-11-19T23:52:38","modified_gmt":"2021-11-20T03:52:38","slug":"coronel-vivas-recordo-instrucciones-dentro-del-protocolo-electoral","status":"publish","type":"post","link":"https:\/\/webdealta.info\/?p=3815","title":{"rendered":"Coronel Vivas record\u00f3 \u201cinstrucciones dentro del protocolo electoral\u201d"},"content":{"rendered":"\n<p>Amanda Saldivia.-<\/p>\n\n\n\n<p>Como parte de los pasos previos a los comicios regionales y municipales del 21N, este viernes en horas de la tarde se celebr\u00f3 un encuentro con los actores pol\u00edticos involucrados y el coronel Walner Vivas, comandante del \u00c1rea de Defensa Integral Tamanaco 355, quien supervisa el Plan Rep\u00fablica en el municipio Monagas, Gu\u00e1rico.<\/p>\n\n\n\n<p>Al encuentro tambi\u00e9n asistieron los representantes del Ministerio P\u00fablico y de la Junta Electoral Municipal, a los fines de recordar la normativa vigente en la materia, entre las cuales figura la prohibici\u00f3n de propaganda, la distancia de los puntos de coordinaci\u00f3n de los partidos que deben estar a m\u00e1s de 500 metros del centro de votaci\u00f3n y el exhorto a canalizar cualquier imprevisto, con miras a lograr que el proceso transcurra con total normalidad.<\/p>\n\n\n\n<p>Eso fueron algunos de los aspectos abordados, de acuerdo a lo informado por el coronel Vivas, tras culminar el encuentro d\u00f3nde se hizo \u00e9nfasis en qu\u00e9 se considera un delito electoral, las medidas de seguridad y \u201clas instrucciones dentro del protocolo electoral\u201d.<\/p>\n\n\n\n<p>@amandasaldivia<\/p>\n\n\n\n<p><\/p>\n","protected":false},"excerpt":{"rendered":"<p>Amanda Saldivia.- Como parte de los pasos previos a los comicios regionales y municipales del 21N, este viernes en horas de la tarde se celebr\u00f3 un encuentro con los actores pol\u00edticos involucrados y el coronel Walner Vivas, comandante del \u00c1rea de Defensa Integral Tamanaco 355, quien supervisa el Plan Rep\u00fablica<\/p>\n","protected":false},"author":2,"featured_media":3816,"comment_status":"open","ping_status":"open","sticky":false,"template":"","format":"standard","meta":{"advanced_seo_description":"","jetpack_seo_html_title":"","jetpack_seo_noindex":false,"_jetpack_memberships_contains_paid_content":false,"footnotes":"","jetpack_publicize_message":"","jetpack_publicize_feature_enabled":true,"jetpack_social_post_already_shared":true,"jetpack_social_options":{"image_generator_settings":{"template":"highway","enabled":false},"version":2}},"categories":[293],"tags":[7,32],"class_list":["post-3815","post","type-post","status-publish","format-standard","has-post-thumbnail","hentry","category-elecciones-2021","tag-guarico","tag-webdealta",""],"jetpack_publicize_connections":[],"jetpack_featured_media_url":"https:\/\/webdealta.info\/wp-content\/uploads\/2021\/11\/reunion-con-Vivas.jpg","jetpack_sharing_enabled":true,"jetpack_likes_enabled":true,"jetpack-related-posts":[],"jetpack_shortlink":"https:\/\/wp.me\/pcseDn-Zx","_links":{"self":[{"href":"https:\/\/webdealta.info\/index.php?rest_route=\/wp\/v2\/posts\/3815","targetHints":{"allow":["GET"]}}],"collection":[{"href":"https:\/\/webdealta.info\/index.php?rest_route=\/wp\/v2\/posts"}],"about":[{"href":"https:\/\/webdealta.info\/index.php?rest_route=\/wp\/v2\/types\/post"}],"author":[{"embeddable":true,"href":"https:\/\/webdealta.info\/index.php?rest_route=\/wp\/v2\/users\/2"}],"replies":[{"embeddable":true,"href":"https:\/\/webdealta.info\/index.php?rest_route=%2Fwp%2Fv2%2Fcomments&post=3815"}],"version-history":[{"count":1,"href":"https:\/\/webdealta.info\/index.php?rest_route=\/wp\/v2\/posts\/3815\/revisions"}],"predecessor-version":[{"id":3817,"href":"https:\/\/webdealta.info\/index.php?rest_route=\/wp\/v2\/posts\/3815\/revisions\/3817"}],"wp:featuredmedia":[{"embeddable":true,"href":"https:\/\/webdealta.info\/index.php?rest_route=\/wp\/v2\/media\/3816"}],"wp:attachment":[{"href":"https:\/\/webdealta.info\/index.php?rest_route=%2Fwp%2Fv2%2Fmedia&parent=3815"}],"wp:term":[{"taxonomy":"category","embeddable":true,"href":"https:\/\/webdealta.info\/index.php?rest_route=%2Fwp%2Fv2%2Fcategories&post=3815"},{"taxonomy":"post_tag","embeddable":true,"href":"https:\/\/webdealta.info\/index.php?rest_route=%2Fwp%2Fv2%2Ftags&post=3815"}],"curies":[{"name":"wp","href":"https:\/\/api.w.org\/{rel}","templated":true}]}}