{"id":3798,"date":"2021-11-17T21:48:50","date_gmt":"2021-11-18T01:48:50","guid":{"rendered":"https:\/\/webdealta.info\/?p=3798"},"modified":"2021-11-17T22:08:44","modified_gmt":"2021-11-18T02:08:44","slug":"dr-javier-perez-lugo-votar-o-no-votar-that-is-the-question","status":"publish","type":"post","link":"https:\/\/webdealta.info\/?p=3798","title":{"rendered":"Dr. Javier P\u00e9rez Lugo: \u00abvotar o no votar, that is the question!\u00bb"},"content":{"rendered":"\n<p>Amanda Saldivia.-<\/p>\n\n\n\n<p>Con el t\u00edtulo \u201cvotar o no votar, that is the question\u201d, el Dr. Javier P\u00e9rez Lugo, reconocido abogado nacido en Altagracia de Orituco, Gu\u00e1rico, quien adem\u00e1s siempre \u201csuena\u201d entre las opciones como candidato independiente a la alcald\u00eda del municipio Monagas, fijo posici\u00f3n sobre las elecciones del pr\u00f3ximo domingo 21 de noviembre.<\/p>\n\n\n\n<p>En la red social Facebook, public\u00f3 en la ma\u00f1ana de este mi\u00e9rcoles 17 de noviembre, que votar\u00e1 y expuso las razones para hacerlo. A continuaci\u00f3n la postura del Dr. Javier P\u00e9rez Lugo:<\/p>\n\n\n\n<p>Lo importante para quienes vivimos en Venezuela, (Y vaya, si hay que hacer la distinci\u00f3n), est\u00e1 en la diatriba de votar o abstenerse. Hay una tendencia abstencionista que recorre el pa\u00eds, se\u00f1alando que no se puede votar para evitar \u00ablegitimar\u00bb al r\u00e9gimen. Sin embargo, no proponen nada m\u00e1s. Ellos esperan que por \u00ab\u00f3smosis\u00bb se recupere la democracia plena. Y est\u00e1n los que, como el sector de la unidad de 4 partidos y los que forman el resto de la oposici\u00f3n, sin incluir alacranes por su puesto, que consideran que debe votarse en estas elecciones del pr\u00f3ximo fin de semana.<\/p>\n\n\n\n<p>El dem\u00f3crata vota. Pero vota en democracia. Vota, si participan candidatos de tu preferencia ideol\u00f3gica o partidista, que diste de aquello que rechazas por considerarlo antidemocr\u00e1tico. Es decir, no es lo mismo ejercer el \u00absufragio\u00bb en Cuba, que \u00abaun\u00bb en Venezuela. En aquella votas por candidatos del \u00fanico partido, en \u00e9sta \u00abtodav\u00eda\u00bb puedes elegir a candidatos ajenos al r\u00e9gimen y ello marca una enorme diferencia. VOTAR significa desnudar al r\u00e9gimen.<\/p>\n\n\n\n<p>No hacerlo, que en nuestro modo de analizar las cosas, tambi\u00e9n es una opci\u00f3n dentro de la gama de posibilidades, solo que \u00e9sta \u00faltima no genera ventajas de ninguna especie. La \u00fanica forma de determinar el nivel de fraude que pueda ocurrir, es votando. La \u00fanica forma de demostrar (lo que pudiera estar a la vista) que el CNE medianamente pudiera generar algo de confianza en los resultados, es votando. La \u00fanica forma de quien no tiene armas, y quiere defender la democracia, as\u00ed sean los vestigios de \u00e9sta, es votando.<\/p>\n\n\n\n<p>Entonces, en el municipio Jos\u00e9 Tadeo Monagas, tenemos la ventaja de conocer a los candidatos. Se sabe quien le puede hacer el juego a qui\u00e9n, y quien no. Por ello, el acto de votar no solo es un acto de expresi\u00f3n democr\u00e1tica per se, sino que constituye el arma m\u00e1s poderosa contra el sistema de cosas que requiere y urge cambiarse. DE MODO QUE VOTAREMOS EL 21N.<\/p>\n\n\n\n<p><\/p>\n","protected":false},"excerpt":{"rendered":"<p>Amanda Saldivia.- Con el t\u00edtulo \u201cvotar o no votar, that is the question\u201d, el Dr. Javier P\u00e9rez Lugo, reconocido abogado nacido en Altagracia de Orituco, Gu\u00e1rico, quien adem\u00e1s siempre \u201csuena\u201d entre las opciones como candidato independiente a la alcald\u00eda del municipio Monagas, fijo posici\u00f3n sobre las elecciones del pr\u00f3ximo domingo<\/p>\n","protected":false},"author":2,"featured_media":3802,"comment_status":"open","ping_status":"open","sticky":false,"template":"","format":"standard","meta":{"advanced_seo_description":"","jetpack_seo_html_title":"","jetpack_seo_noindex":false,"_jetpack_memberships_contains_paid_content":false,"footnotes":"","jetpack_publicize_message":"","jetpack_publicize_feature_enabled":true,"jetpack_social_post_already_shared":true,"jetpack_social_options":{"image_generator_settings":{"template":"highway","enabled":false},"version":2}},"categories":[293],"tags":[8,7,32],"class_list":["post-3798","post","type-post","status-publish","format-standard","has-post-thumbnail","hentry","category-elecciones-2021","tag-altagraciadeorituco","tag-guarico","tag-webdealta",""],"jetpack_publicize_connections":[],"jetpack_featured_media_url":"https:\/\/webdealta.info\/wp-content\/uploads\/2021\/11\/photo4949981750768019941.jpg","jetpack_sharing_enabled":true,"jetpack_likes_enabled":true,"jetpack-related-posts":[],"jetpack_shortlink":"https:\/\/wp.me\/pcseDn-Zg","_links":{"self":[{"href":"https:\/\/webdealta.info\/index.php?rest_route=\/wp\/v2\/posts\/3798","targetHints":{"allow":["GET"]}}],"collection":[{"href":"https:\/\/webdealta.info\/index.php?rest_route=\/wp\/v2\/posts"}],"about":[{"href":"https:\/\/webdealta.info\/index.php?rest_route=\/wp\/v2\/types\/post"}],"author":[{"embeddable":true,"href":"https:\/\/webdealta.info\/index.php?rest_route=\/wp\/v2\/users\/2"}],"replies":[{"embeddable":true,"href":"https:\/\/webdealta.info\/index.php?rest_route=%2Fwp%2Fv2%2Fcomments&post=3798"}],"version-history":[{"count":1,"href":"https:\/\/webdealta.info\/index.php?rest_route=\/wp\/v2\/posts\/3798\/revisions"}],"predecessor-version":[{"id":3800,"href":"https:\/\/webdealta.info\/index.php?rest_route=\/wp\/v2\/posts\/3798\/revisions\/3800"}],"wp:featuredmedia":[{"embeddable":true,"href":"https:\/\/webdealta.info\/index.php?rest_route=\/wp\/v2\/media\/3802"}],"wp:attachment":[{"href":"https:\/\/webdealta.info\/index.php?rest_route=%2Fwp%2Fv2%2Fmedia&parent=3798"}],"wp:term":[{"taxonomy":"category","embeddable":true,"href":"https:\/\/webdealta.info\/index.php?rest_route=%2Fwp%2Fv2%2Fcategories&post=3798"},{"taxonomy":"post_tag","embeddable":true,"href":"https:\/\/webdealta.info\/index.php?rest_route=%2Fwp%2Fv2%2Ftags&post=3798"}],"curies":[{"name":"wp","href":"https:\/\/api.w.org\/{rel}","templated":true}]}}